{"id":642631,"date":"2026-01-05T14:15:17","date_gmt":"2026-01-05T14:15:17","guid":{"rendered":"https:\/\/www.europesays.com\/fr\/642631\/"},"modified":"2026-01-05T14:15:17","modified_gmt":"2026-01-05T14:15:17","slug":"la-suisse-gele-les-avoirs-de-maduro-apres-sa-capture-par-les-usa-05-01-2026-a-1358","status":"publish","type":"post","link":"https:\/\/www.europesays.com\/fr\/642631\/","title":{"rendered":"La Suisse g\u00e8le les avoirs de Maduro apr\u00e8s sa capture par les USA &#8211; 05\/01\/2026 \u00e0 13:58"},"content":{"rendered":"<p>\n ZURICH, 5 janvier &#8211;\n<\/p>\n<p>\n La Suisse a d\u00e9cid\u00e9 lundi de bloquer avec effet imm\u00e9diat les<br \/>\n\u00e9ventuels avoirs en Suisse de Nicolas Maduro et d\u2019autres<br \/>\npersonnes qui lui sont li\u00e9es, apr\u00e8s la capture du\n<\/p>\n<p>\n pr\u00e9sident v\u00e9n\u00e9zu\u00e9lien\n<\/p>\n<p>\n par les forces sp\u00e9ciales am\u00e9ricaines dans la nuit de<br \/>\nvendredi \u00e0 samedi et sa d\u00e9tention aux \u00c9tats-Unis.\n<\/p>\n<p>\n Le Conseil f\u00e9d\u00e9ral, organe ex\u00e9cutif de la Conf\u00e9d\u00e9ration<br \/>\nsuisse, d\u00e9clare dans un communiqu\u00e9 vouloir s\u2019assurer que<br \/>\nd\u2019\u00e9ventuels actifs acquis de mani\u00e8re illicite ne puissent pas<br \/>\nquitter le pays.\n<\/p>\n<p>\n La mesure, qui ne concerne aucun membre du gouvernement<br \/>\nv\u00e9n\u00e9zu\u00e9lien en place, vient compl\u00e9ter les sanctions d\u00e9j\u00e0 en<br \/>\nvigueur et applicables depuis 2018, selon le communiqu\u00e9.\n<\/p>\n<p>\n \u00ab\u00a0Si des proc\u00e9dures judiciaires ult\u00e9rieures viennent \u00e0<br \/>\nr\u00e9v\u00e9ler que ces fonds sont d\u2019origine ill\u00e9gale, la Suisse<br \/>\nveillera \u00e0 ce qu\u2019ils soient restitu\u00e9s au profit de la population<br \/>\nv\u00e9n\u00e9zu\u00e9lienne.\u00a0\u00bb\n<\/p>\n<p>\n Nicolas Maduro, qui \u00e9tait au pouvoir au Venezuela depuis<br \/>\nmars 2013 \u00e0 la faveur d&rsquo;\u00e9lections entach\u00e9es de fraude, doit<br \/>\ncompara\u00eetre lundi avec son \u00e9pouse devant un juge f\u00e9d\u00e9ral \u00e0 New<br \/>\nYork. Le dirigeant est notamment accus\u00e9 de \u00ab\u00a0narcoterrorisme\u00a0\u00bb.\n<\/p>\n<p>\n La Conf\u00e9d\u00e9ration indique suivre de pr\u00e8s la situation<br \/>\n\u00ab\u00a0instable\u00a0\u00bb au Venezuela et pr\u00e9cise que plusieurs sc\u00e9narios sont<br \/>\nenvisageables dans les jours et les semaines \u00e0 venir, tout en<br \/>\nrappelant qu&rsquo;elle a appel\u00e9 \u00e0 la d\u00e9sescalade et au respect du<br \/>\ndroit international et de l\u2019int\u00e9grit\u00e9 territoriale.\n<\/p>\n<p>\n \u00ab\u00a0La Suisse a \u00e9galement propos\u00e9 \u00e0 plusieurs reprises ses bons<br \/>\noffices \u00e0 toutes les parties et s\u2019est efforc\u00e9e de trouver une<br \/>\nsolution pacifique \u00e0 la situation\u00a0\u00bb, selon le communiqu\u00e9.\n<\/p>\n<p>\n La mesure a \u00e9t\u00e9 prise en application de la loi suisse sur<br \/>\nles personnes politiquement expos\u00e9es \u00e0 l\u2019\u00e9tranger, \u00e0 titre<br \/>\npr\u00e9ventif, ajoute le communiqu\u00e9, qui ne pr\u00e9cise pas les montants<br \/>\ndes avoirs saisis.\n<\/p>\n<p>\n Le gouvernement suisse n&rsquo;a pas imm\u00e9diatement r\u00e9pondu \u00e0 une<br \/>\ndemande de commentaire.\n<\/p>\n<p>\n (R\u00e9dig\u00e9 par Kirsti Knolle et John Revill, avec Oliver Hirt,<br \/>\nversion fran\u00e7aise Elizaveta Zhuravleva, \u00e9dit\u00e9 par Augustin<br \/>\nTurpin)<\/p>\n","protected":false},"excerpt":{"rendered":"ZURICH, 5 janvier &#8211; La Suisse a d\u00e9cid\u00e9 lundi de bloquer avec effet imm\u00e9diat les \u00e9ventuels avoirs en&hellip;\n","protected":false},"author":2,"featured_media":2486,"comment_status":"","ping_status":"","sticky":false,"template":"","format":"standard","meta":{"footnotes":""},"categories":[1589],"tags":[400,11,398,408,405,73,1866,403,402,399,404,12,401,406,1864,1865,1863,308,407],"class_list":{"0":"post-642631","1":"post","2":"type-post","3":"status-publish","4":"format-standard","5":"has-post-thumbnail","7":"category-etats-unis","8":"tag-action-cac-40","9":"tag-actualites","10":"tag-bourse-de-paris","11":"tag-boursorama","12":"tag-cotations","13":"tag-etats-unis","14":"tag-etats-unis-damerique","15":"tag-indices-devises","16":"tag-investir","17":"tag-investissement","18":"tag-marche-boursier","19":"tag-news","20":"tag-sicav","21":"tag-trackers","22":"tag-united-states","23":"tag-united-states-of-america","24":"tag-us","25":"tag-usa","26":"tag-warrants"},"share_on_mastodon":{"url":"https:\/\/pubeurope.com\/@fr\/115842916289543644","error":""},"_links":{"self":[{"href":"https:\/\/www.europesays.com\/fr\/wp-json\/wp\/v2\/posts\/642631","targetHints":{"allow":["GET"]}}],"collection":[{"href":"https:\/\/www.europesays.com\/fr\/wp-json\/wp\/v2\/posts"}],"about":[{"href":"https:\/\/www.europesays.com\/fr\/wp-json\/wp\/v2\/types\/post"}],"author":[{"embeddable":true,"href":"https:\/\/www.europesays.com\/fr\/wp-json\/wp\/v2\/users\/2"}],"replies":[{"embeddable":true,"href":"https:\/\/www.europesays.com\/fr\/wp-json\/wp\/v2\/comments?post=642631"}],"version-history":[{"count":0,"href":"https:\/\/www.europesays.com\/fr\/wp-json\/wp\/v2\/posts\/642631\/revisions"}],"wp:featuredmedia":[{"embeddable":true,"href":"https:\/\/www.europesays.com\/fr\/wp-json\/wp\/v2\/media\/2486"}],"wp:attachment":[{"href":"https:\/\/www.europesays.com\/fr\/wp-json\/wp\/v2\/media?parent=642631"}],"wp:term":[{"taxonomy":"category","embeddable":true,"href":"https:\/\/www.europesays.com\/fr\/wp-json\/wp\/v2\/categories?post=642631"},{"taxonomy":"post_tag","embeddable":true,"href":"https:\/\/www.europesays.com\/fr\/wp-json\/wp\/v2\/tags?post=642631"}],"curies":[{"name":"wp","href":"https:\/\/api.w.org\/{rel}","templated":true}]}}