{"id":642634,"date":"2026-01-05T14:17:17","date_gmt":"2026-01-05T14:17:17","guid":{"rendered":"https:\/\/www.europesays.com\/fr\/642634\/"},"modified":"2026-01-05T14:17:17","modified_gmt":"2026-01-05T14:17:17","slug":"cest-en-italie-et-en-allemagne-que-lalcool-coute-le-moins-cher-en-europe","status":"publish","type":"post","link":"https:\/\/www.europesays.com\/fr\/642634\/","title":{"rendered":"C&rsquo;est en Italie et en Allemagne que l&rsquo;alcool co\u00fbte le moins cher en Europe"},"content":{"rendered":"<p><img decoding=\"async\" class=\"w-full object-contain\" style=\"aspect-ratio:150 \/ 100;opacity:1\" alt=\"C'est en Italie et en Allemagne que l'alcool co\u00fbte le moins cher en Europe\" width=\"512\" height=\"341\" fetchpriority=\"high\" src=\"https:\/\/www.europesays.com\/fr\/wp-content\/uploads\/2026\/01\/PV6L6M4NZNFCBGM6LG2YMXHZYU.jpg\"  \/><\/p>\n<p class=\"ap-StoryElement ap-StoryElement--mb ap-StoryText\">C&rsquo;est en Finlande que s&rsquo;alcooliser co\u00fbte le plus cher: 110% de plus que la moyenne europ\u00e9enne. Le Danemark (23%) et la Belgique (13%) compl\u00e8tent le podium.<\/p>\n<p class=\"ap-StoryElement ap-StoryElement--mb ap-StoryText\">Par contre, pour les boissons non-alcoolis\u00e9es, l&rsquo;Allemagne n&rsquo;est que de 2% moins on\u00e9reuse que le reste du continent. C&rsquo;est en Lettonie que les softs co\u00fbtent le plus cher (+46% par rapport \u00e0 la moyenne de l&rsquo;Union) en raison de la taxe nationale sur le sucre.<\/p>\n","protected":false},"excerpt":{"rendered":"C&rsquo;est en Finlande que s&rsquo;alcooliser co\u00fbte le plus cher: 110% de plus que la moyenne europ\u00e9enne. Le Danemark&hellip;\n","protected":false},"author":2,"featured_media":25030,"comment_status":"","ping_status":"","sticky":false,"template":"","format":"standard","meta":{"footnotes":""},"categories":[1587],"tags":[11,672,1804,130,1805,1803,1777,674,1801,12,1802,1778],"class_list":{"0":"post-642634","1":"post","2":"type-post","3":"status-publish","4":"format-standard","5":"has-post-thumbnail","7":"category-allemagne","8":"tag-actualites","9":"tag-allemagne","10":"tag-bundesrepublik-deutschland","11":"tag-consommation","12":"tag-de","13":"tag-deutschland","14":"tag-eu","15":"tag-europe","16":"tag-germany","17":"tag-news","18":"tag-republique-federale-dallemagne","19":"tag-ue"},"share_on_mastodon":{"url":"https:\/\/pubeurope.com\/@fr\/115842924334591109","error":""},"_links":{"self":[{"href":"https:\/\/www.europesays.com\/fr\/wp-json\/wp\/v2\/posts\/642634","targetHints":{"allow":["GET"]}}],"collection":[{"href":"https:\/\/www.europesays.com\/fr\/wp-json\/wp\/v2\/posts"}],"about":[{"href":"https:\/\/www.europesays.com\/fr\/wp-json\/wp\/v2\/types\/post"}],"author":[{"embeddable":true,"href":"https:\/\/www.europesays.com\/fr\/wp-json\/wp\/v2\/users\/2"}],"replies":[{"embeddable":true,"href":"https:\/\/www.europesays.com\/fr\/wp-json\/wp\/v2\/comments?post=642634"}],"version-history":[{"count":0,"href":"https:\/\/www.europesays.com\/fr\/wp-json\/wp\/v2\/posts\/642634\/revisions"}],"wp:featuredmedia":[{"embeddable":true,"href":"https:\/\/www.europesays.com\/fr\/wp-json\/wp\/v2\/media\/25030"}],"wp:attachment":[{"href":"https:\/\/www.europesays.com\/fr\/wp-json\/wp\/v2\/media?parent=642634"}],"wp:term":[{"taxonomy":"category","embeddable":true,"href":"https:\/\/www.europesays.com\/fr\/wp-json\/wp\/v2\/categories?post=642634"},{"taxonomy":"post_tag","embeddable":true,"href":"https:\/\/www.europesays.com\/fr\/wp-json\/wp\/v2\/tags?post=642634"}],"curies":[{"name":"wp","href":"https:\/\/api.w.org\/{rel}","templated":true}]}}