{"id":642645,"date":"2026-01-05T14:23:10","date_gmt":"2026-01-05T14:23:10","guid":{"rendered":"https:\/\/www.europesays.com\/fr\/642645\/"},"modified":"2026-01-05T14:23:10","modified_gmt":"2026-01-05T14:23:10","slug":"clement-sordet-pierre-pineau-et-alexander-levy-tentent-dintegrer-le-liv-golf-lequipe","status":"publish","type":"post","link":"https:\/\/www.europesays.com\/fr\/642645\/","title":{"rendered":"Cl\u00e9ment Sordet, Pierre Pineau et Alexander Levy tentent d&#039;int\u00e9grer le LIV Golf &#8211; L&#039;\u00c9quipe"},"content":{"rendered":"<ol>\n<li><a href=\"https:\/\/news.google.com\/rss\/articles\/CBMiwgFBVV95cUxOX3hNajM2SnpUaGN5UTlGM214cTFqZ0thckRIcXVuWHd1aUJSRWhwTEZzNE50TEE2SjYxYkRjTG9vNUlRQi1lSTNEVENoWTJnejVOZmozd2lwRE5TTUR2TDk5R3hFSGxjaXI5QmVTQ2FoaXBaMHllNVZ5Zml0Y2tQRHoyZTV4QnNidElsRXpBRlJzSDhmdFpXNHJvUW5id2Y2UGcwb05fZTlPTjNqaU1ZNXJxWlNPOTNxbFB1OXF2anlpUQ?oc=5\" target=\"_blank\" rel=\"noopener\">Cl\u00e9ment Sordet, Pierre Pineau et Alexander Levy tentent d&rsquo;int\u00e9grer le LIV Golf<\/a>&nbsp;&nbsp;L&rsquo;\u00c9quipe<\/li>\n<li><a href=\"https:\/\/news.google.com\/rss\/articles\/CBMijAFBVV95cUxOa1JKazdzVDdyVlU0YTMxTzVjbk5DcEFWU21QaFE0MVRqOHhrOXVOZGpqQWxUeUlLVHhDUlF4Ymw5aUhzT2tieGRfUHIwY2hyY3ZSU3FuWWVqdUh6cVpNSjJycEllSWViT0VUZ091U05YWEkzMlNQQVA2bkJYeWRwTGhGWHR5a2daYkZFbw?oc=5\" target=\"_blank\" rel=\"noopener\">Cl\u00e9ment Sordet : \u00ab Je veux me laisser une chance \u00bb<\/a>&nbsp;&nbsp;Golf Plan\u00e8te<\/li>\n<li><a href=\"https:\/\/news.google.com\/rss\/articles\/CBMizAFBVV95cUxNZ3c0bV9WYVlTT3BIbUxXYk56bURQUWk0YkFuU0wyS2dQQ0hZRnhRT3F1N3dpTDhEN1FYTnhNZklmZk96U2I0TjRXYno0XzhCTzd3Mmc4Rl9EOWhKeHlYaXpXazQ5YzhzbmJFZUpxZ0hoRlZGdi13VE5FcFVnUFZOU2ZsU3NMLXFEWkRkN1hucFlJd0NrRFNMVkYzWGhBWEpiRGNrVXhpS1JGSmxFcVloc0U0UFExOWpBVHJnR0dWUGJTZ1BENHM1VDNIWFY?oc=5\" target=\"_blank\" rel=\"noopener\">Golf &#8211; Pas de solution pour des points au classement mondial attribu\u00e9s sur les LIV Series<\/a>&nbsp;&nbsp;Le Figaro Golf<\/li>\n<li><a href=\"https:\/\/news.google.com\/rss\/articles\/CBMijgFBVV95cUxPZnNRaFBBN3FHTFA4XzhZcExyQnlIUDBKU3JWalhra1k1dDdnNFhaOUJmbTJFR2tCcmJBMTBiM19sUWQ2MkZBWFpNbWU0QzVockZlVVppWFZpdUZKcVlwWHpneGZyY2lEOFRSTWtaamFEbldXc1l3S0pIcjNKN2c5T1BDWUpuZ2pEQlBuTUdB?oc=5\" target=\"_blank\" rel=\"noopener\">LIV Golf : l\u2019ironie du classement mondial \u00e0 54 trous<\/a>&nbsp;&nbsp;LesNews<\/li>\n<li><a href=\"https:\/\/news.google.com\/rss\/articles\/CBMihAJBVV95cUxOWXp1ZUY1QW9PNDNxSl91Z21vMm4ydlZ0cVpUeWt5dGE2Zm1RNlYxVjRkV0xYV0RsM3l2TUNBUWwxNkp1N3dEZmV6aE9HSmtzOUVMMUNIMXByc0V1dVhFQm9KUDJIT2tnUTlFbnJ3RmpLT3ZFc1U1Y0RJa3ZVWnJ4S1U5VzYyWlQ3VjBLbGN6bVRjNEJWT0FKZTJEVGIxbXVPTEhxS3NPREljRW5YcTBuOFdYYVVmMW9uT2twZ2U4LWEzZnA2dkxpQ1NfZmJicGFtYXRaTTROMW1jVEhTbEpaZy1XR1FrdmV1RnZVRGU4MndnVld2Q0F6Wk1lRUo1QjYxZmN1aA?oc=5\" target=\"_blank\" rel=\"noopener\">Golf. Le pari fou d\u2019Alexander Levy, Pierre Pineau et Cl\u00e9ment Sordet: acc\u00e9der au LIV Golf 2026<\/a>&nbsp;&nbsp;Ouest-France<\/li>\n<\/ol>\n","protected":false},"excerpt":{"rendered":"Cl\u00e9ment Sordet, Pierre Pineau et Alexander Levy tentent d&rsquo;int\u00e9grer le LIV Golf&nbsp;&nbsp;L&rsquo;\u00c9quipe Cl\u00e9ment Sordet : \u00ab Je veux&hellip;\n","protected":false},"author":2,"featured_media":642646,"comment_status":"","ping_status":"","sticky":false,"template":"","format":"standard","meta":{"footnotes":""},"categories":[1418],"tags":[1011,27,1472,60],"class_list":{"0":"post-642645","1":"post","2":"type-post","3":"status-publish","4":"format-standard","5":"has-post-thumbnail","7":"category-golf","8":"tag-fr","9":"tag-france","10":"tag-golf","11":"tag-sports"},"share_on_mastodon":{"url":"https:\/\/pubeurope.com\/@fr\/115842947601538464","error":""},"_links":{"self":[{"href":"https:\/\/www.europesays.com\/fr\/wp-json\/wp\/v2\/posts\/642645","targetHints":{"allow":["GET"]}}],"collection":[{"href":"https:\/\/www.europesays.com\/fr\/wp-json\/wp\/v2\/posts"}],"about":[{"href":"https:\/\/www.europesays.com\/fr\/wp-json\/wp\/v2\/types\/post"}],"author":[{"embeddable":true,"href":"https:\/\/www.europesays.com\/fr\/wp-json\/wp\/v2\/users\/2"}],"replies":[{"embeddable":true,"href":"https:\/\/www.europesays.com\/fr\/wp-json\/wp\/v2\/comments?post=642645"}],"version-history":[{"count":0,"href":"https:\/\/www.europesays.com\/fr\/wp-json\/wp\/v2\/posts\/642645\/revisions"}],"wp:featuredmedia":[{"embeddable":true,"href":"https:\/\/www.europesays.com\/fr\/wp-json\/wp\/v2\/media\/642646"}],"wp:attachment":[{"href":"https:\/\/www.europesays.com\/fr\/wp-json\/wp\/v2\/media?parent=642645"}],"wp:term":[{"taxonomy":"category","embeddable":true,"href":"https:\/\/www.europesays.com\/fr\/wp-json\/wp\/v2\/categories?post=642645"},{"taxonomy":"post_tag","embeddable":true,"href":"https:\/\/www.europesays.com\/fr\/wp-json\/wp\/v2\/tags?post=642645"}],"curies":[{"name":"wp","href":"https:\/\/api.w.org\/{rel}","templated":true}]}}