{"id":642657,"date":"2026-01-05T14:33:12","date_gmt":"2026-01-05T14:33:12","guid":{"rendered":"https:\/\/www.europesays.com\/fr\/642657\/"},"modified":"2026-01-05T14:33:12","modified_gmt":"2026-01-05T14:33:12","slug":"le-musee-reste-ouvert-partiellement-apres-la-reconduction-du-mouvement","status":"publish","type":"post","link":"https:\/\/www.europesays.com\/fr\/642657\/","title":{"rendered":"le mus\u00e9e reste \u00ab\u00a0ouvert partiellement\u00a0\u00bb apr\u00e8s la reconduction du mouvement"},"content":{"rendered":"<p>                      <img loading=\"lazy\" decoding=\"async\" src=\"https:\/\/www.europesays.com\/fr\/wp-content\/uploads\/2026\/01\/6316ed5_ftp-1-d46qbb3vrzs7-2026-01-05t110243z-1909349486-rc2yuiap7zq7-rtrmadp-3-france-louvre-strike.jpeg\" alt=\"Devant la pyramide du Mus\u00e9e du Louvre, \u00e0 Paris, le 5\u00a0janvier 2026.\"   width=\"664\" height=\"443\"\/>    Devant la pyramide du Mus\u00e9e du Louvre, \u00e0 Paris, le 5\u00a0janvier 2026.  SARAH MEYSSONNIER\/REUTERS                          <\/p>\n<p class=\"article__paragraph  \">Les agents du Mus\u00e9e du Louvre, r\u00e9unis lundi 5\u00a0janvier en assembl\u00e9e g\u00e9n\u00e9rale \u00e0 l\u2019appel d\u2019une intersyndicale, ont vot\u00e9 la gr\u00e8ve \u00e0 l\u2019unanimit\u00e9, selon la CFDT et la CGT, pour protester contre leurs conditions de travail dans le mus\u00e9e, qui reste \u00ab\u00a0ouvert partiellement\u00a0\u00bb.<\/p>\n<p>                                            Lire aussi |  Article r\u00e9serv\u00e9 \u00e0 nos abonn\u00e9s  <a href=\"https:\/\/www.lemonde.fr\/culture\/article\/2026\/01\/01\/le-concours-d-architecture-du-louvre-nouvelle-renaissance-suscite-debats-et-controverses_6660238_3246.html\" class=\"js-article-read-also catcher--favoris__link\" data-premium=\"1\" id=\"article-title-3452412\" target=\"_blank\" rel=\"noopener\">Au Louvre, \u00e9moi autour de la cr\u00e9ation d\u2019une nouvelle salle d\u2019exposition pour \u00ab\u00a0La Joconde\u00a0\u00bb<\/a>    <\/p>\n<p>   Lire plus tard  <\/p>\n<p class=\"article__paragraph  \">\u00ab\u00a0Environ 350 personnes, de diff\u00e9rents m\u00e9tiers \u2013 r\u00e9gie, conservation, fonctions support \u2013 ont vot\u00e9 \u00e0 l\u2019unanimit\u00e9\u00a0\u00bb pour la reprise du mouvement, a d\u00e9clar\u00e9 \u00e0 l\u2019Agence France-Presse (AFP) Val\u00e9rie Baud, repr\u00e9sentante CFDT. \u00ab\u00a0Vote unanime en AG pour la reconduction\u00a0\u00bb, \u00ab\u00a0la lutte continue en\u00a02026\u00a0\u00bb, a de son c\u00f4t\u00e9 \u00e9crit la CGT-Louvre sur son compte Instagram.<\/p>\n<p class=\"article__paragraph  \">La direction du Louvre, contact\u00e9e par l\u2019AFP, a pr\u00e9cis\u00e9 que le mus\u00e9e serait ouvert \u00ab\u00a0partiellement, avec le \u201cparcours chefs-d\u2019\u0153uvre\u201d\u00a0\u00bb, qui inclut La\u00a0Joconde, la V\u00e9nus de Milo ou la Victoire de Samothrace.<\/p>\n<p>                    \u00ab\u00a0Pas d\u2019avanc\u00e9es suffisantes\u00a0\u00bb                    <\/p>\n<p class=\"article__paragraph  \">Le mouvement de gr\u00e8ve, lanc\u00e9 le 15\u00a0d\u00e9cembre, <a href=\"https:\/\/www.lemonde.fr\/culture\/article\/2025\/12\/19\/au-louvre-la-fin-de-la-greve-votee-le-musee-a-rouvert-normalement-ses-portes_6658659_3246.html\" target=\"_blank\" rel=\"noopener\">avait \u00e9t\u00e9 suspendu le 19\u00a0d\u00e9cembre<\/a>, mais l\u2019intersyndicale CGT-CFDT-SUD avait donn\u00e9 rendez-vous aux personnels le lundi de la rentr\u00e9e pour d\u00e9cider des suites du mouvement, estimant qu\u2019\u00ab\u00a0il n\u2019y avait pas eu d\u2019avanc\u00e9es suffisantes\u00a0\u00bb dans les n\u00e9gociations men\u00e9es avec le minist\u00e8re de la culture.<\/p>\n<p class=\"article__paragraph  \">Les agents sont mobilis\u00e9s pour protester contre les sous-effectifs, notamment pour la surveillance des salles, contre la hausse des tarifs pour les touristes non europ\u00e9ens \u2013 une mesure entrant en vigueur le 14\u00a0janvier \u2013 ou encore contre la d\u00e9gradation du b\u00e2timent, mise en lumi\u00e8re par le <a href=\"https:\/\/www.lemonde.fr\/cambriolage-au-louvre\/\" target=\"_blank\" rel=\"noopener\">vol spectaculaire de huit joyaux de la Couronne le 19\u00a0octobre<\/a>.<\/p>\n<p class=\"article__paragraph  \">Le minist\u00e8re a notamment promis l\u2019annulation d\u2019une baisse de 5,7\u00a0millions d\u2019euros des dotations publiques au Louvre et des recrutements et revalorisations indemnitaires, jug\u00e9s encore insuffisants par les syndicats.<\/p>\n<p>                                       Lire l\u2019enqu\u00eate\u00a0:  Article r\u00e9serv\u00e9 \u00e0 nos abonn\u00e9s  <a href=\"https:\/\/www.lemonde.fr\/culture\/article\/2025\/12\/14\/depuis-le-cambriolage-au-louvre-les-musees-francais-sous-tension_6657227_3246.html\" class=\"js-article-read-also catcher--favoris__link\" data-premium=\"1\" id=\"article-title-3450349\" target=\"_blank\" rel=\"noopener\">Depuis le cambriolage au Louvre, les mus\u00e9es fran\u00e7ais sous tension<\/a>    <\/p>\n<p>   Lire plus tard  <\/p>\n<p class=\"article__paragraph  \">Le mus\u00e9e a accueilli 9\u00a0millions de visiteurs en\u00a02025, soit une l\u00e9g\u00e8re hausse par rapport \u00e0 2024 (8,7\u00a0millions), a annonc\u00e9 lundi \u00e0 l\u2019AFP l\u2019\u00e9tablissement public.<\/p>\n<p class=\"author__detail\">  Le Monde avec AFP  <\/p>\n<p>                <a href=\"https:\/\/www.lemonde.fr\/syndication\/\" class=\"reuse__content\" title=\"R\u00e9utiliser ce contenu\" target=\"_blank\" rel=\"noopener\">R\u00e9utiliser ce contenu<\/a>      <\/p>\n","protected":false},"excerpt":{"rendered":"Devant la pyramide du Mus\u00e9e du Louvre, \u00e0 Paris, le 5\u00a0janvier 2026. SARAH MEYSSONNIER\/REUTERS Les agents du Mus\u00e9e&hellip;\n","protected":false},"author":2,"featured_media":642658,"comment_status":"","ping_status":"","sticky":false,"template":"","format":"standard","meta":{"footnotes":""},"categories":[1358],"tags":[1348,1384,1385,1386,58,59,1011,27],"class_list":{"0":"post-642657","1":"post","2":"type-post","3":"status-publish","4":"format-standard","5":"has-post-thumbnail","7":"category-arts-et-design","8":"tag-arts","9":"tag-arts-and-design","10":"tag-arts-et-design","11":"tag-design","12":"tag-divertissement","13":"tag-entertainment","14":"tag-fr","15":"tag-france"},"share_on_mastodon":{"url":"https:\/\/pubeurope.com\/@fr\/115842987009546804","error":""},"_links":{"self":[{"href":"https:\/\/www.europesays.com\/fr\/wp-json\/wp\/v2\/posts\/642657","targetHints":{"allow":["GET"]}}],"collection":[{"href":"https:\/\/www.europesays.com\/fr\/wp-json\/wp\/v2\/posts"}],"about":[{"href":"https:\/\/www.europesays.com\/fr\/wp-json\/wp\/v2\/types\/post"}],"author":[{"embeddable":true,"href":"https:\/\/www.europesays.com\/fr\/wp-json\/wp\/v2\/users\/2"}],"replies":[{"embeddable":true,"href":"https:\/\/www.europesays.com\/fr\/wp-json\/wp\/v2\/comments?post=642657"}],"version-history":[{"count":0,"href":"https:\/\/www.europesays.com\/fr\/wp-json\/wp\/v2\/posts\/642657\/revisions"}],"wp:featuredmedia":[{"embeddable":true,"href":"https:\/\/www.europesays.com\/fr\/wp-json\/wp\/v2\/media\/642658"}],"wp:attachment":[{"href":"https:\/\/www.europesays.com\/fr\/wp-json\/wp\/v2\/media?parent=642657"}],"wp:term":[{"taxonomy":"category","embeddable":true,"href":"https:\/\/www.europesays.com\/fr\/wp-json\/wp\/v2\/categories?post=642657"},{"taxonomy":"post_tag","embeddable":true,"href":"https:\/\/www.europesays.com\/fr\/wp-json\/wp\/v2\/tags?post=642657"}],"curies":[{"name":"wp","href":"https:\/\/api.w.org\/{rel}","templated":true}]}}