{"id":642659,"date":"2026-01-05T14:35:13","date_gmt":"2026-01-05T14:35:13","guid":{"rendered":"https:\/\/www.europesays.com\/fr\/642659\/"},"modified":"2026-01-05T14:35:13","modified_gmt":"2026-01-05T14:35:13","slug":"critique-serie-mitterand-confidentiel-quand-la-performance-des-acteurs-se-conjugue-avec-lhistoire-et-la-fiction","status":"publish","type":"post","link":"https:\/\/www.europesays.com\/fr\/642659\/","title":{"rendered":"Critique s\u00e9rie\u00a0: \u00ab\u00a0Mitterand Confidentiel\u00a0\u00bb, quand la performance des acteurs se conjugue avec l\u2019Histoire et la fiction"},"content":{"rendered":"<p class=\"PopSlotParagraph qg-tx2 qg-xtra-lh svelte-1r0pyek\">Diffus\u00e9e sur France 2 les 5 et 12 janvier, et disponible en int\u00e9gralit\u00e9 d\u00e8s le 5 janvier sur france.tv, Mitterrand confidentiel, \u00e9crite par St\u00e9phane Pannetier et r\u00e9alis\u00e9e par Antoine Garceau, s\u2019ancre dans les ann\u00e9es 1994-1995, alors que Fran\u00e7ois Mitterrand, affaibli par la maladie et la cohabitation avec \u00c9douard Balladur, affronte une fin de r\u00e8gne sous tension. Chaque \u00e9pisode part d\u2019un \u00e9v\u00e9nement d\u00e9clencheur pour revenir sur quatre tournants majeurs de son parcours politique et personnel, mettant en lumi\u00e8re ses m\u00e9tamorphoses successives.<\/p>\n<p class=\"PopSlotParagraph qg-tx2 qg-xtra-lh svelte-1r0pyek\">Port\u00e9e par l\u2019interpr\u00e9tation de Denis Podalyd\u00e8s, la s\u00e9rie accorde une place centrale aux deux femmes de sa vie, Danielle Mitterrand et Anne Pingeot, et dessine le portrait d\u2019un homme de pouvoir confront\u00e9 au co\u00fbt intime de ses choix, tout en \u00e9clairant, en creux, l\u2019histoire politique r\u00e9cente de la France.<\/p>\n<p> <strong>Les avis des critiques<\/strong><\/p>\n<p class=\"PopSlotParagraph qg-tx2 qg-xtra-lh svelte-1r0pyek\">Adrien D\u00e9nouette\u00a0: \u00ab\u00a0J\u2019ai eu tr\u00e8s peur lors des deux premiers \u00e9pisodes, un peu trop lisses \u00e0 mon go\u00fbt, mais les deux derniers m\u2019ont vraiment rattrap\u00e9e et offert un bel objet t\u00e9l\u00e9visuel contemporain. La s\u00e9rie tente d\u2019approcher Mitterrand sous toutes ses facettes, mais en quatre \u00e9pisodes seulement, le portrait reste trop flatteur et lisse, sans vraiment explorer sa dimension de strat\u00e8ge politique. Malgr\u00e9 cette limite, j\u2019ai trouv\u00e9 tr\u00e8s belle la mani\u00e8re dont elle conclut sur ses derni\u00e8res prises de parole et son message sur le nationalisme, rappelant son importance historique et contemporaine. Il lui aurait simplement fallu un ou deux \u00e9pisodes suppl\u00e9mentaires pour montrer toute la complexit\u00e9 de la politique autour de lui.\u00a0\u00bb<\/p>\n<p class=\"PopSlotParagraph qg-tx2 qg-xtra-lh svelte-1r0pyek\">Charles Bosson\u00a0: \u00ab\u00a0J\u2019ai \u00e9t\u00e9 agr\u00e9ablement surpris par cette s\u00e9rie politique, modeste et spontan\u00e9e, qui laisse une vraie place aux acteurs et aux seconds r\u00f4les. La force vient de l\u2019utilisation de Mitterrand comme miroir de l\u2019histoire de France, permettant de d\u00e9couvrir autour de lui des figures r\u00e9elles ou fictives avec d\u00e9licatesse. Podalyd\u00e8s incarne Mitterrand avec subtilit\u00e9 et spontaneit\u00e9. La mise en sc\u00e8ne d\u2019Antoine Garceau laisse respirer les personnages et fait na\u00eetre de petits portraits \u00e9clairs m\u00e9morables. Pour moi, c\u2019est un vrai plaisir de t\u00e9l\u00e9, o\u00f9 la performance des acteurs se conjugue avec l\u2019Histoire et la fiction.\u00a0\u00bb<\/p>\n<p> Extrait sonore<\/p>\n<ul>\n<li>Bande annonce de\u00a0Mitterand Confidentiel\u00a0de St\u00e9phane Pannetier<\/li>\n<\/ul>\n<p>Plus d&rsquo;informations<\/p>\n<ul>\n<li>Mitterand Confidentiel de St\u00e9phane Pannetier diffus\u00e9e sur\u00a0France 2 les 5 et 12 janvier, et d\u00e8s le 5 janvier en int\u00e9gralit\u00e9 sur france.tv<\/li>\n<li>France T\u00e9l\u00e9visions comm\u00e9more le 30e anniversaire de la disparition de Fran\u00e7ois Mitterrand, le 8 janvier 1996<\/li>\n<\/ul>\n","protected":false},"excerpt":{"rendered":"Diffus\u00e9e sur France 2 les 5 et 12 janvier, et disponible en int\u00e9gralit\u00e9 d\u00e8s le 5 janvier sur&hellip;\n","protected":false},"author":2,"featured_media":642660,"comment_status":"","ping_status":"","sticky":false,"template":"","format":"standard","meta":{"footnotes":""},"categories":[1356],"tags":[58,59,1011,27,252,1364],"class_list":{"0":"post-642659","1":"post","2":"type-post","3":"status-publish","4":"format-standard","5":"has-post-thumbnail","7":"category-television","8":"tag-divertissement","9":"tag-entertainment","10":"tag-fr","11":"tag-france","12":"tag-television","13":"tag-tv"},"share_on_mastodon":{"url":"https:\/\/pubeurope.com\/@fr\/115842995058149997","error":""},"_links":{"self":[{"href":"https:\/\/www.europesays.com\/fr\/wp-json\/wp\/v2\/posts\/642659","targetHints":{"allow":["GET"]}}],"collection":[{"href":"https:\/\/www.europesays.com\/fr\/wp-json\/wp\/v2\/posts"}],"about":[{"href":"https:\/\/www.europesays.com\/fr\/wp-json\/wp\/v2\/types\/post"}],"author":[{"embeddable":true,"href":"https:\/\/www.europesays.com\/fr\/wp-json\/wp\/v2\/users\/2"}],"replies":[{"embeddable":true,"href":"https:\/\/www.europesays.com\/fr\/wp-json\/wp\/v2\/comments?post=642659"}],"version-history":[{"count":0,"href":"https:\/\/www.europesays.com\/fr\/wp-json\/wp\/v2\/posts\/642659\/revisions"}],"wp:featuredmedia":[{"embeddable":true,"href":"https:\/\/www.europesays.com\/fr\/wp-json\/wp\/v2\/media\/642660"}],"wp:attachment":[{"href":"https:\/\/www.europesays.com\/fr\/wp-json\/wp\/v2\/media?parent=642659"}],"wp:term":[{"taxonomy":"category","embeddable":true,"href":"https:\/\/www.europesays.com\/fr\/wp-json\/wp\/v2\/categories?post=642659"},{"taxonomy":"post_tag","embeddable":true,"href":"https:\/\/www.europesays.com\/fr\/wp-json\/wp\/v2\/tags?post=642659"}],"curies":[{"name":"wp","href":"https:\/\/api.w.org\/{rel}","templated":true}]}}