{"id":642663,"date":"2026-01-05T14:37:14","date_gmt":"2026-01-05T14:37:14","guid":{"rendered":"https:\/\/www.europesays.com\/fr\/642663\/"},"modified":"2026-01-05T14:37:14","modified_gmt":"2026-01-05T14:37:14","slug":"pourquoi-labsence-de-catwoman-dans-the-batman-2-est-justifiee-et-coherente","status":"publish","type":"post","link":"https:\/\/www.europesays.com\/fr\/642663\/","title":{"rendered":"Pourquoi l\u2019absence de Catwoman dans The Batman 2 est justifi\u00e9e et coh\u00e9rente"},"content":{"rendered":"<p class=\"chapo\">Le personnage de Catwoman ne sera pas pr\u00e9sent dans le second volet de The Batman. Cette absence s\u2019explique par des choix sc\u00e9naristiques et artistiques qui visent \u00e0 recentrer l\u2019intrigue sur d\u2019autres aspects de l\u2019univers du justicier masqu\u00e9.<\/p>\n<p>Tl;dr<\/p>\n<ul>\n<li>Zo\u00eb Kravitz n\u2019appara\u00eetra pas dans <strong>The Batman Part II<\/strong>.<\/li>\n<li>Scarlett Johansson en discussions pour rejoindre le casting.<\/li>\n<li>La porte reste entrouverte pour un retour futur de Catwoman.<\/li>\n<\/ul>\n<p>Un casting renouvel\u00e9 pour \u00ab The Batman Part II \u00bb<\/p>\n<p>Le second opus de <strong>The Batman<\/strong>, r\u00e9alis\u00e9 par Matt Reeves, s\u2019annonce sous le signe du changement. Alors que les sp\u00e9culations allaient bon train sur le retour de Selina Kyle, incarn\u00e9e par <a href=\"https:\/\/www.begeek.fr\/the-batman-2-une-suite-sans-la-voleuse-iconique-425137\" target=\"_blank\" rel=\"noopener\">Zo\u00eb Kravitz<\/a>, des sources proches de la production ont r\u00e9v\u00e9l\u00e9 \u00e0 Variety que l\u2019actrice ne ferait pas partie du nouveau casting. Cette absence, bien que non confirm\u00e9e officiellement par Warner Bros., a surpris plus d\u2019un admirateur de la saga.<\/p>\n<p>L\u2019apr\u00e8s-Batman : les choix de carri\u00e8re de Zo\u00eb Kravitz<\/p>\n<p>Si certains esp\u00e9raient voir \u00e0 nouveau la f\u00e9line h\u00e9ro\u00efne arpenter Gotham, l\u2019\u00e9volution professionnelle de Kravitz laisse entrevoir une explication plausible \u00e0 son absence. Depuis son interpr\u00e9tation marquante dans le premier film, elle s\u2019est tourn\u00e9e vers la r\u00e9alisation avec son thriller <strong>Blink Twice<\/strong>. Ce succ\u00e8s derri\u00e8re la cam\u00e9ra lui ouvre d\u00e9sormais d\u2019autres horizons, tels que les films Caught Stealing ou encore How to Rob a Bank. Rester engag\u00e9e sur un projet aussi exigeant que <strong>The Batman Part II<\/strong> aurait sans doute frein\u00e9 cette nouvelle dynamique.<\/p>\n<p>L\u2019h\u00e9ritage de Catwoman et les perspectives du r\u00e9cit<\/p>\n<p>Ce retrait para\u00eet finalement coh\u00e9rent avec le parcours du personnage. \u00c0 la fin du premier volet, Selina quittait Gotham, convaincue qu\u2019aucune r\u00e9demption n\u2019\u00e9tait possible pour la ville. Toutes ses intrigues semblaient alors boucl\u00e9es. M\u00eame si une lettre aper\u00e7ue dans la s\u00e9rie d\u00e9riv\u00e9e <strong>The Penguin<\/strong> pouvait laisser esp\u00e9rer un retour, le dernier rapport ne va pas dans ce sens.<\/p>\n<p>Cependant, rien n\u2019exclut totalement une r\u00e9apparition future : l\u2019univers cin\u00e9matographique orchestr\u00e9 par Matt Reeves demeure en pleine construction et pourrait offrir, \u00e0 terme, une nouvelle place \u00e0 Catwoman. Voici les raisons avanc\u00e9es qui expliquent cette d\u00e9cision :<\/p>\n<ul>\n<li><strong>D\u00e9sir d\u2019explorer d\u2019autres personnages et nouveaux arcs narratifs<\/strong><\/li>\n<li><strong>Satisfaction d\u2019avoir conclu l\u2019histoire de Selina Kyle dans le premier film<\/strong><\/li>\n<li><strong>Besoins de production et ajustements li\u00e9s aux disponibilit\u00e9s des acteurs cl\u00e9s<\/strong><\/li>\n<\/ul>\n<p>Nouveaux visages \u00e0 l\u2019horizon ?<\/p>\n<p>En parall\u00e8le, une autre actualit\u00e9 anime d\u00e9j\u00e0 les discussions : selon Variety, <a href=\"https:\/\/www.begeek.fr\/scarlett-johansson-rejoint-une-saga-culte-de-lhistoire-du-cinema-dhorreur-424592\" target=\"_blank\" rel=\"noopener\">Scarlett Johansson<\/a>, embl\u00e9matique figure des films Marvel, serait en pourparlers pour int\u00e9grer le casting du prochain volet. Ce passage potentiel du MCU \u00e0 l\u2019univers DCU soul\u00e8ve bien des interrogations sur l\u2019orientation que prendra cette suite tant attendue. Reste \u00e0 voir quelles surprises r\u00e9servera ce nouvel \u00e9pisode qui choisit r\u00e9solument d\u2019avancer sans \u00eatre tributaire des h\u00e9ros et vilains pr\u00e9c\u00e9dents.<\/p>\n","protected":false},"excerpt":{"rendered":"Le personnage de Catwoman ne sera pas pr\u00e9sent dans le second volet de The Batman. Cette absence s\u2019explique&hellip;\n","protected":false},"author":2,"featured_media":642664,"comment_status":"","ping_status":"","sticky":false,"template":"","format":"standard","meta":{"footnotes":""},"categories":[1354],"tags":[58,59,1346,1011,27,1360],"class_list":{"0":"post-642663","1":"post","2":"type-post","3":"status-publish","4":"format-standard","5":"has-post-thumbnail","7":"category-films","8":"tag-divertissement","9":"tag-entertainment","10":"tag-films","11":"tag-fr","12":"tag-france","13":"tag-movies"},"share_on_mastodon":{"url":"https:\/\/pubeurope.com\/@fr\/115843002805970317","error":""},"_links":{"self":[{"href":"https:\/\/www.europesays.com\/fr\/wp-json\/wp\/v2\/posts\/642663","targetHints":{"allow":["GET"]}}],"collection":[{"href":"https:\/\/www.europesays.com\/fr\/wp-json\/wp\/v2\/posts"}],"about":[{"href":"https:\/\/www.europesays.com\/fr\/wp-json\/wp\/v2\/types\/post"}],"author":[{"embeddable":true,"href":"https:\/\/www.europesays.com\/fr\/wp-json\/wp\/v2\/users\/2"}],"replies":[{"embeddable":true,"href":"https:\/\/www.europesays.com\/fr\/wp-json\/wp\/v2\/comments?post=642663"}],"version-history":[{"count":0,"href":"https:\/\/www.europesays.com\/fr\/wp-json\/wp\/v2\/posts\/642663\/revisions"}],"wp:featuredmedia":[{"embeddable":true,"href":"https:\/\/www.europesays.com\/fr\/wp-json\/wp\/v2\/media\/642664"}],"wp:attachment":[{"href":"https:\/\/www.europesays.com\/fr\/wp-json\/wp\/v2\/media?parent=642663"}],"wp:term":[{"taxonomy":"category","embeddable":true,"href":"https:\/\/www.europesays.com\/fr\/wp-json\/wp\/v2\/categories?post=642663"},{"taxonomy":"post_tag","embeddable":true,"href":"https:\/\/www.europesays.com\/fr\/wp-json\/wp\/v2\/tags?post=642663"}],"curies":[{"name":"wp","href":"https:\/\/api.w.org\/{rel}","templated":true}]}}