{"id":642669,"date":"2026-01-05T14:40:12","date_gmt":"2026-01-05T14:40:12","guid":{"rendered":"https:\/\/www.europesays.com\/fr\/642669\/"},"modified":"2026-01-05T14:40:12","modified_gmt":"2026-01-05T14:40:12","slug":"un-ancien-journaliste-de-france-2-revele-avoir-entretenu-une-idylle-avec-la-star","status":"publish","type":"post","link":"https:\/\/www.europesays.com\/fr\/642669\/","title":{"rendered":"Un ancien journaliste de France 2 r\u00e9v\u00e8le avoir entretenu une idylle avec la star"},"content":{"rendered":"<p>Il aura attendu la <a href=\"https:\/\/www.20minutes.fr\/arts-stars\/culture\/4046150-20251228-brigitte-bardot-morte\" class=\"c-link c-link--is-underlined\" target=\"_blank\" rel=\"noopener\">disparition de Brigitte Bardot<\/a> pour lever le voile\u00a0: le journaliste (retrait\u00e9) <a href=\"https:\/\/fr.wikipedia.org\/wiki\/Philippe_Gassot\" rel=\"nofollow noopener\" target=\"_blank\" class=\"c-link c-link--is-underlined\">Philippe Gassot<\/a>, qui a pr\u00e9sent\u00e9 divers journaux t\u00e9l\u00e9vis\u00e9s sur Antenne 2 dans les ann\u00e9es 1980-1990, a confi\u00e9, dans une interview accord\u00e9e dimanche 4\u00a0janvier 2026 <a href=\"https:\/\/www.leparisien.fr\/culture-loisirs\/cinema\/jai-envie-de-raconter-cette-brigitte-la-amoureuse-ordinaire-un-ex-journaliste-de-france-2-revele-sa-relation-avec-bb-04-01-2026-BB4SHLJ3KBGYFJPFUCJG73OCCY.php\" target=\"_blank\" class=\"c-link c-link--is-underlined\" rel=\"noopener\">au Parisien<\/a>, avoir v\u00e9cu une relation amoureuse avec la d\u00e9funte <a href=\"https:\/\/www.20minutes.fr\/dossier\/stars\" class=\"c-link c-link--is-underlined\" target=\"_blank\" rel=\"noopener\">star<\/a>.<\/p>\n<\/p>\n<p>R\u00e9tablir une r\u00e9alit\u00e9<\/p>\n<p>Au quotidien qui lui demande pourquoi cette r\u00e9v\u00e9lation est si tardive, l\u2019ex-correspondant de <a href=\"https:\/\/www.20minutes.fr\/television\/france_2\/\" class=\"c-link c-link--is-underlined\" target=\"_blank\" rel=\"noopener\">France 2<\/a> \u00e0 Washington explique qu\u2019il est agac\u00e9 d\u2019entendre parler des relations \u00ab\u00a0glamour\u00a0\u00bb de \u00ab BB \u00bb\u00a0: \u00ab\u00a0Elle faisait aussi partie des gens ordinaires [&#8230;], assure-t-il. Et j\u2019ai envie de raconter cette Brigitte-l\u00e0, amoureuse ordinaire\u00a0\u00bb.<\/p>\n<p>Philippe Gassot et Brigitte Bardot se seraient rencontr\u00e9s en\u00a01974, alors que lui \u00e9tait \u00e2g\u00e9 de 32 ans et qu\u2019elle venait de f\u00eater son quaranti\u00e8me anniversaire\u2026 et de <a href=\"https:\/\/www.20minutes.fr\/arts-stars\/culture\/4179983-20251228-mort-brigitte-bardot-adieux-cinema-combat-animaux\" class=\"c-link c-link--is-underlined\" target=\"_blank\" rel=\"noopener\">mettre fin \u00e0 sa carri\u00e8re d\u2019actrice<\/a>. Mis en relation par un ami commun, c\u2019est elle qui aurait fait le premier pas\u00a0: \u00ab\u00a0Avec Bardot, tu n\u2019es rien, pr\u00e9cise le journaliste d\u2019aujourd\u2019hui 74 ans\u00a0; Elle te choisit ou ne te choisit pas\u00a0\u00bb.<\/p>\n<p>Loin du strass et des paillettes<\/p>\n<p>Si leur histoire d\u2019amour n\u2019aurait dur\u00e9 que quelques mois, elle a durablement marqu\u00e9 Philippe Gassot qui se souvient d\u2019une amoureuse sans artifices\u00a0: \u00ab\u00a0Une femme simple, <a href=\"https:\/\/www.20minutes.fr\/sante\/1555991-20150305-maquiller-deux-jours-semaine-nouvelle-astuce-peau-jeune\" class=\"c-link c-link--is-underlined\" target=\"_blank\" rel=\"noopener\">pas maquill\u00e9e<\/a>, un foulard sur les cheveux, qui se promenait avec moi \u00e0 travers Paris dans mon Austin pourrie\u00a0\u00bb.<\/p>\n<p><a href=\"https:\/\/www.20minutes.fr\/dossier\/brigitte_bardot\" class=\"c-link c-btn c-btn--primary\" target=\"_blank\" rel=\"noopener\">Notre dossier \u00ab Brigitte Bardot \u00bb<\/a><\/p>\n<p>L\u2019ex-compagnon de \u00ab\u00a0BB\u00a0\u00bb tient surtout \u00e0 rappeler que l\u2019<a href=\"https:\/\/www.20minutes.fr\/arts-stars\/people\/4193543-20251229-pluie-hommages-part-stars-hollywood-brigitte-bardot\" class=\"c-link c-link--is-underlined\" target=\"_blank\" rel=\"noopener\">ic\u00f4ne du cin\u00e9ma mondiale<\/a> n\u2019avait rien d\u2019une star d\u00e9connect\u00e9e du monde\u00a0: \u00ab\u00a0J\u2019entends dire [\u2026] qu\u2019elle ne frayait qu\u2019avec des stars ou sa clique\u00a0\u00bb, d\u00e9clare-t-il au Parisien. Alors que \u00ab\u00a0non, elle aimait les gens\u00a0\u00bb. La preuve\u00a0? \u00ab\u00a0Elle a admis de vivre avec un mec ordinaire comme moi\u00a0\u00bb.<\/p>\n","protected":false},"excerpt":{"rendered":"Il aura attendu la disparition de Brigitte Bardot pour lever le voile\u00a0: le journaliste (retrait\u00e9) Philippe Gassot, qui&hellip;\n","protected":false},"author":2,"featured_media":642670,"comment_status":"","ping_status":"","sticky":false,"template":"","format":"standard","meta":{"footnotes":""},"categories":[8],"tags":[2594,1376,20224,650,251,3983,58,59,2081,1011,27,594,2957,5553,20592],"class_list":{"0":"post-642669","1":"post","2":"type-post","3":"status-publish","4":"format-standard","5":"has-post-thumbnail","7":"category-divertissement","8":"tag-actrice","9":"tag-amour","10":"tag-brigitte-bardot","11":"tag-cinema","12":"tag-culture","13":"tag-deces","14":"tag-divertissement","15":"tag-entertainment","16":"tag-film","17":"tag-fr","18":"tag-france","19":"tag-france-2","20":"tag-journaliste","21":"tag-le-parisien","22":"tag-saint-tropez"},"share_on_mastodon":{"url":"https:\/\/pubeurope.com\/@fr\/115843014905439351","error":""},"_links":{"self":[{"href":"https:\/\/www.europesays.com\/fr\/wp-json\/wp\/v2\/posts\/642669","targetHints":{"allow":["GET"]}}],"collection":[{"href":"https:\/\/www.europesays.com\/fr\/wp-json\/wp\/v2\/posts"}],"about":[{"href":"https:\/\/www.europesays.com\/fr\/wp-json\/wp\/v2\/types\/post"}],"author":[{"embeddable":true,"href":"https:\/\/www.europesays.com\/fr\/wp-json\/wp\/v2\/users\/2"}],"replies":[{"embeddable":true,"href":"https:\/\/www.europesays.com\/fr\/wp-json\/wp\/v2\/comments?post=642669"}],"version-history":[{"count":0,"href":"https:\/\/www.europesays.com\/fr\/wp-json\/wp\/v2\/posts\/642669\/revisions"}],"wp:featuredmedia":[{"embeddable":true,"href":"https:\/\/www.europesays.com\/fr\/wp-json\/wp\/v2\/media\/642670"}],"wp:attachment":[{"href":"https:\/\/www.europesays.com\/fr\/wp-json\/wp\/v2\/media?parent=642669"}],"wp:term":[{"taxonomy":"category","embeddable":true,"href":"https:\/\/www.europesays.com\/fr\/wp-json\/wp\/v2\/categories?post=642669"},{"taxonomy":"post_tag","embeddable":true,"href":"https:\/\/www.europesays.com\/fr\/wp-json\/wp\/v2\/tags?post=642669"}],"curies":[{"name":"wp","href":"https:\/\/api.w.org\/{rel}","templated":true}]}}