{"id":642675,"date":"2026-01-05T14:43:11","date_gmt":"2026-01-05T14:43:11","guid":{"rendered":"https:\/\/www.europesays.com\/fr\/642675\/"},"modified":"2026-01-05T14:43:11","modified_gmt":"2026-01-05T14:43:11","slug":"apres-la-capture-de-nicolas-maduro-dmitri-medvedev-nexclut-pas-que-la-russie-enleve-friedrich-merz","status":"publish","type":"post","link":"https:\/\/www.europesays.com\/fr\/642675\/","title":{"rendered":"Apr\u00e8s la capture de Nicol\u00e1s Maduro, Dmitri Medvedev n&rsquo;exclut pas que la Russie enl\u00e8ve Friedrich Merz"},"content":{"rendered":"<p>\n  Par&amp;nbsp<b>Euronews avec AP<\/b>\n<\/p>\n<p>\n         Publi\u00e9 le<br \/>\n            05\/01\/2026 &#8211; 11:45 UTC+1\n            <\/p>\n<p>L&rsquo;ancien pr\u00e9sident russe Dmitri Medvedev attire r\u00e9guli\u00e8rement l&rsquo;attention par ses d\u00e9clarations provocatrices. M\u00eame si ce proche de Vladimir Poutine n&rsquo;occupe pas de poste \u00e9lev\u00e9 au Kremlin depuis des ann\u00e9es, le chef adjoint du Conseil de s\u00e9curit\u00e9 nationale de la F\u00e9d\u00e9ration de Russie est consid\u00e9r\u00e9 comme le m\u00e9gaphone du pr\u00e9sident russe. <\/p>\n<p>En raison de <a href=\"https:\/\/fr.euronews.com\/2026\/01\/04\/lukraine-ordonne-levacuation-de-3-000-enfants-et-parents-de-deux-regions-face-a-lavancee-d\" target=\"_blank\" rel=\"noopener\"><strong>la guerre d&rsquo;agression men\u00e9e par la Russie contre l&rsquo;Ukraine<\/strong><\/a>, Dmitri Medvedev figure depuis avril 2022 sur les listes de sanctions de l&rsquo;UE et des \u00c9tats-Unis.<\/p>\n<p>La loi du plus fort \u00ab\u00a0prime clairement sur la justice ordinaire\u00a0\u00bb<\/p>\n<p>La position de Dmitri Medvedev sur la capture de Nicol\u00e1s Maduro peut sembler ambivalente : tout en critiquant l&rsquo;op\u00e9ration militaire am\u00e9ricaine au Venezuela, il n&rsquo;exclut pas que la Russie m\u00e8ne une action similaire pour enlever le chancelier allemand Friedrich Merz.<\/p>\n<p>\u00ab\u00a0L&rsquo;\u00e9quipe Trump agit de mani\u00e8re dure et cynique pour faire valoir les int\u00e9r\u00eats de son pays\u00a0\u00bb, a \u00e9crit dimanche l&rsquo;ancien pr\u00e9sident russe sur X, en anglais. <\/p>\n<p>\u00ab\u00a0La destitution de Maduro n&rsquo;avait rien \u00e0 voir avec la drogue &#8211; seulement avec le p\u00e9trole, et ils le reconnaissent ouvertement. Lex fortissimum prime clairement sur la justice ordinaire, mais il n&rsquo;est pas certain qu&rsquo;ils puissent gouverner le Venezuela \u00e0 distance\u00a0\u00bb.<\/p>\n<p>Dans une interview accord\u00e9e \u00e0 l&rsquo;agence de presse publique russe Tass, Dmitri Medvedev prend la d\u00e9fense de Nicol\u00e1s Maduro, mais il affirme \u00e9galement que la Russie &#8211; comme les \u00c9tats-Unis &#8211; pourrait kidnapper d&rsquo;autres chefs d&rsquo;Etat et de gouvernement. <\/p>\n<p>Le confident de Poutine ne cite nomm\u00e9ment qu&rsquo;un seul homme politique : le chancelier allemand Friedrich Merz. Celui-ci n&rsquo;avait <a href=\"https:\/\/fr.euronews.com\/my-europe\/2026\/01\/05\/lue-appelle-au-respect-du-droit-international-alors-que-trump-reste-vague-sur-le-plan-de-t\" target=\"_blank\" rel=\"noopener\"><strong>critiqu\u00e9 que prudemment<\/strong><\/a> l&rsquo;op\u00e9ration militaire am\u00e9ricaine au Venezuela.<\/p>\n<p>\u00ab\u00a0L&rsquo;enl\u00e8vement du n\u00e9onazi Merz pourrait \u00eatre un excellent rebondissement dans cette s\u00e9rie de carnavals\u00a0\u00bb, d\u00e9clare Medvedev, qui qualifie le kidnapping du chancelier de sc\u00e9nario tout \u00e0 fait r\u00e9aliste. \u00ab\u00a0Il y a m\u00eame des raisons de le poursuivre en Allemagne, ce ne serait donc pas une perte, d&rsquo;autant plus que les citoyens souffrent pour rien\u00a0\u00bb.<\/p>\n<p>En les accusant d&rsquo;agir contre les \u00ab\u00a0n\u00e9onazis\u00a0\u00bb, le pr\u00e9sident russe Vladimir Poutine et ses soutiens tentent de l\u00e9gitimer la guerre d&rsquo;agression contre l&rsquo;Ukraine et contre le gouvernement de Volodymyr Zelensky \u00e0 Kyiv.<\/p>\n<p>Ces derni\u00e8res semaines, Friedrich Merz s&rsquo;\u00e9tait tr\u00e8s clairement rang\u00e9 du c\u00f4t\u00e9 de l&rsquo;Ukraine et s&rsquo;\u00e9tait prononc\u00e9 en faveur du financement des pr\u00eats \u00e0 Kyiv par des avoirs de l&rsquo;\u00c9tat russe gel\u00e9s dans l&rsquo;UE. <a href=\"https:\/\/fr.euronews.com\/my-europe\/2025\/12\/23\/exclusif-comment-laccord-sur-le-financement-des-90-milliards-deuros-pour-lukraine-a-ete-sc\" target=\"_blank\" rel=\"noopener\"><strong>Lors du sommet europ\u00e9en<\/strong><\/a> de d\u00e9cembre dernier, le chancelier n&rsquo;a toutefois pas r\u00e9ussi \u00e0 imposer sa position face au blocage de la Belgique.<\/p>\n","protected":false},"excerpt":{"rendered":"Par&amp;nbspEuronews avec AP Publi\u00e9 le 05\/01\/2026 &#8211; 11:45 UTC+1 L&rsquo;ancien pr\u00e9sident russe Dmitri Medvedev attire r\u00e9guli\u00e8rement l&rsquo;attention par&hellip;\n","protected":false},"author":2,"featured_media":642676,"comment_status":"","ping_status":"","sticky":false,"template":"","format":"standard","meta":{"footnotes":""},"categories":[5],"tags":[11,39407,75,1011,27,4710,131,14,12,338,132,28],"class_list":{"0":"post-642675","1":"post","2":"type-post","3":"status-publish","4":"format-standard","5":"has-post-thumbnail","7":"category-international","8":"tag-actualites","9":"tag-dmitri-medvedev","10":"tag-donald-trump","11":"tag-fr","12":"tag-france","13":"tag-friedrich-merz","14":"tag-guerre-en-ukraine","15":"tag-international","16":"tag-news","17":"tag-nicolas-maduro","18":"tag-russie","19":"tag-world"},"share_on_mastodon":{"url":"https:\/\/pubeurope.com\/@fr\/115843026450441484","error":""},"_links":{"self":[{"href":"https:\/\/www.europesays.com\/fr\/wp-json\/wp\/v2\/posts\/642675","targetHints":{"allow":["GET"]}}],"collection":[{"href":"https:\/\/www.europesays.com\/fr\/wp-json\/wp\/v2\/posts"}],"about":[{"href":"https:\/\/www.europesays.com\/fr\/wp-json\/wp\/v2\/types\/post"}],"author":[{"embeddable":true,"href":"https:\/\/www.europesays.com\/fr\/wp-json\/wp\/v2\/users\/2"}],"replies":[{"embeddable":true,"href":"https:\/\/www.europesays.com\/fr\/wp-json\/wp\/v2\/comments?post=642675"}],"version-history":[{"count":0,"href":"https:\/\/www.europesays.com\/fr\/wp-json\/wp\/v2\/posts\/642675\/revisions"}],"wp:featuredmedia":[{"embeddable":true,"href":"https:\/\/www.europesays.com\/fr\/wp-json\/wp\/v2\/media\/642676"}],"wp:attachment":[{"href":"https:\/\/www.europesays.com\/fr\/wp-json\/wp\/v2\/media?parent=642675"}],"wp:term":[{"taxonomy":"category","embeddable":true,"href":"https:\/\/www.europesays.com\/fr\/wp-json\/wp\/v2\/categories?post=642675"},{"taxonomy":"post_tag","embeddable":true,"href":"https:\/\/www.europesays.com\/fr\/wp-json\/wp\/v2\/tags?post=642675"}],"curies":[{"name":"wp","href":"https:\/\/api.w.org\/{rel}","templated":true}]}}