{"id":642681,"date":"2026-01-05T14:46:15","date_gmt":"2026-01-05T14:46:15","guid":{"rendered":"https:\/\/www.europesays.com\/fr\/642681\/"},"modified":"2026-01-05T14:46:15","modified_gmt":"2026-01-05T14:46:15","slug":"maternite-de-firminy-le-nombre-de-naissances-jamais-aussi-bas-depuis-10-ans-alba-et-jules-au-top-des-prenoms","status":"publish","type":"post","link":"https:\/\/www.europesays.com\/fr\/642681\/","title":{"rendered":"Maternit\u00e9 de Firminy : le nombre de naissances jamais aussi bas depuis 10 ans, Alba et Jules au top des pr\u00e9noms"},"content":{"rendered":"<p>\t\t\t\t\t\t\t\t\t\t\t\t\t\t\t\t\t\t\t\t\t\t\t\t\t\t\t\t\t\t\t\t\t\t\t\t\t\t\t\t\t\t\t\t\t\t\t\t\t\t\t\t\t\t\t\t\t\t\t\t\t\t\t<a href=\"https:\/\/www.lacommere43.fr\/component\/banners\/click\/1869.html\" target=\"_blank\" title=\"Saint-Romain-Lachalm Durieux Fermetures d\u00e9cembre 2025\" rel=\"noopener\"><br \/>\n\t\t\t\t\t\t\t<img decoding=\"async\" loading=\"lazy\" src=\"https:\/\/www.europesays.com\/fr\/wp-content\/uploads\/2025\/12\/La-Commre-43---du-20-12-25-au-09-01-2026.gif\" alt=\"Saint-Romain-Lachalm Durieux Fermetures d\u00e9cembre 2025\"\/><br \/>\n\t\t\t\t\t\t<\/a><\/p>\n<p><strong>En 2025, la maternit\u00e9 de Firminy a connu 1023 naissances, un taux qui n&rsquo;a jamais \u00e9t\u00e9 aussi faible depuis dix ans. <br \/><\/strong><\/p>\n<p>La maternit\u00e9 de Firminy a enregistr\u00e9 une baisse historique, encore plus faible qu&rsquo;en 2023. La maternit\u00e9 appelouse concerne la plupart des familles de l&rsquo;Est de la Haute-Loire.<\/p>\n<p>Dans le d\u00e9tail, il y a eu 485 filles (47.40 %) et 538 gar\u00e7ons (52.60 %). Sur les 1023 naissances, 141 concernent la seule ville de Firminy, les autres sont de la Loire ou de la Haute-Loire.<\/p>\n<p><strong>Les naissances depuis 2016<\/strong><\/p>\n<p>2016 : 1230<\/p>\n<p>2017 : 1115<\/p>\n<p>2018 : 1185<\/p>\n<p>2019 : 1180<\/p>\n<p>2020\u00a0: 1128<\/p>\n<p>2021 : 1152<\/p>\n<p>2022 : 1126<\/p>\n<p>2023 : 1042<\/p>\n<p>2024 : 1104<\/p>\n<p>2025 : 1023<\/p>\n<p><strong>Le palmar\u00e8s des pr\u00e9noms<\/strong><\/p>\n<p>Le palmar\u00e8s des pr\u00e9noms f\u00e9minins revient en 2025 \u00e0 Alba, comme en 2023 (elle \u00e9tait 3e en 2024). Chez les gar\u00e7ons, c&rsquo;est le pr\u00e9nom Jules qui est en t\u00eate, comme en 2020.<\/p>\n<p>Le palmar\u00e8s appelou <a href=\"https:\/\/www.lacommere43.fr\/actualites\/item\/79201-agahe-et-sacha-remportent-le-palmares-des-prenoms-2025-a-la-maternite-du-puy-en-velay.html\" target=\"_blank\" rel=\"noopener\">est diff\u00e9rent de celui du Puy-en-Velay<\/a> chez les gar\u00e7ons et les filles.<\/p>\n<p><strong>Classement des filles<\/strong><\/p>\n<p>1. Alba (11)<\/p>\n<p>2. Emma, Jeanne (8)<\/p>\n<p>4. Agathe (7)<\/p>\n<p>5. Alya, Julia, Lou (6)<\/p>\n<p><strong>Classement des gar\u00e7ons<br \/><\/strong><\/p>\n<p>1. Jules (13)<\/p>\n<p>2. L\u00e9on (9)<\/p>\n<p>3. Eden, Louis, Marius (8)<\/p>\n","protected":false},"excerpt":{"rendered":"En 2025, la maternit\u00e9 de Firminy a connu 1023 naissances, un taux qui n&rsquo;a jamais \u00e9t\u00e9 aussi faible&hellip;\n","protected":false},"author":2,"featured_media":642682,"comment_status":"","ping_status":"","sticky":false,"template":"","format":"standard","meta":{"footnotes":""},"categories":[9653],"tags":[1111,2281,11,2430,1777,674,2282,1011,27,2280,2284,2285,2283,12,25,4001],"class_list":{"0":"post-642681","1":"post","2":"type-post","3":"status-publish","4":"format-standard","5":"has-post-thumbnail","7":"category-saint-etienne","8":"tag-actu","9":"tag-actualite-43","10":"tag-actualites","11":"tag-auvergne-rhone-alpes","12":"tag-eu","13":"tag-europe","14":"tag-faits-divers-auvergne","15":"tag-fr","16":"tag-france","17":"tag-information-haute-loire","18":"tag-infos-43","19":"tag-journal-haute-loire","20":"tag-la-commere-43","21":"tag-news","22":"tag-republique-francaise","23":"tag-saint-etienne"},"share_on_mastodon":{"url":"https:\/\/pubeurope.com\/@fr\/115843038712208191","error":""},"_links":{"self":[{"href":"https:\/\/www.europesays.com\/fr\/wp-json\/wp\/v2\/posts\/642681","targetHints":{"allow":["GET"]}}],"collection":[{"href":"https:\/\/www.europesays.com\/fr\/wp-json\/wp\/v2\/posts"}],"about":[{"href":"https:\/\/www.europesays.com\/fr\/wp-json\/wp\/v2\/types\/post"}],"author":[{"embeddable":true,"href":"https:\/\/www.europesays.com\/fr\/wp-json\/wp\/v2\/users\/2"}],"replies":[{"embeddable":true,"href":"https:\/\/www.europesays.com\/fr\/wp-json\/wp\/v2\/comments?post=642681"}],"version-history":[{"count":0,"href":"https:\/\/www.europesays.com\/fr\/wp-json\/wp\/v2\/posts\/642681\/revisions"}],"wp:featuredmedia":[{"embeddable":true,"href":"https:\/\/www.europesays.com\/fr\/wp-json\/wp\/v2\/media\/642682"}],"wp:attachment":[{"href":"https:\/\/www.europesays.com\/fr\/wp-json\/wp\/v2\/media?parent=642681"}],"wp:term":[{"taxonomy":"category","embeddable":true,"href":"https:\/\/www.europesays.com\/fr\/wp-json\/wp\/v2\/categories?post=642681"},{"taxonomy":"post_tag","embeddable":true,"href":"https:\/\/www.europesays.com\/fr\/wp-json\/wp\/v2\/tags?post=642681"}],"curies":[{"name":"wp","href":"https:\/\/api.w.org\/{rel}","templated":true}]}}