{"id":642685,"date":"2026-01-05T14:48:17","date_gmt":"2026-01-05T14:48:17","guid":{"rendered":"https:\/\/www.europesays.com\/fr\/642685\/"},"modified":"2026-01-05T14:48:17","modified_gmt":"2026-01-05T14:48:17","slug":"nancy-debat-construction-et-transition-ecologique","status":"publish","type":"post","link":"https:\/\/www.europesays.com\/fr\/642685\/","title":{"rendered":"Nancy. D\u00e9bat\u00a0: construction et transition \u00e9cologique"},"content":{"rendered":"<p> L\u2019association Culture et communication organise son 6e\u00a0 Feux crois\u00e9s intitul\u00e9 L\u2019architecture autrement, des pratiques engag\u00e9es \u00e0 la MJC Lillebonne. <\/p>\n<p> Pourquoi\u00a0? Pour qui\u00a0? Comment construire aujourd\u2019hui, \u00e0 l\u2019heure o\u00f9 la transition \u00e9cologique s\u2019impose comme une urgence\u00a0? Comment repenser un secteur qui g\u00e9n\u00e8re \u00e0 lui seul pr\u00e8s de 40\u00a0% des \u00e9missions de CO2\u00a0? <\/p>\n<p> Face \u00e0 ces d\u00e9fis, l\u2019architecture se r\u00e9invente. La 6e \u00e9dition de Feux crois\u00e9s mettra en lumi\u00e8re des projets qui cherchent \u00e0 r\u00e9pondre aux besoins des habitants et des usagers, \u00e0 valoriser les ressources locales, et \u00e0 inscrire la construction dans une logique de sobri\u00e9t\u00e9 et de durabilit\u00e9. <\/p>\n<p> Avec Audrey Brantonne, Catherine Ruth, Marc Verdier, Romane Pelletier et \u00c9mile Thiebaut. <\/p>\n<p class=\"note\">Vendredi 16\u00a0janvier \u00e0 18\u00a0h. Tarifs\u00a0: 12\u00a0\u20ac (normal) 6\u00a0\u20ac (r\u00e9duit) collation comprise. R\u00e9servation conseill\u00e9e\u00a0: Association Culture et communication\u00a0: cultureetcom54@gmail.com\u00a0: jusqu\u2019au 13\u00a0janvier.<\/p>\n","protected":false},"excerpt":{"rendered":"L\u2019association Culture et communication organise son 6e\u00a0 Feux crois\u00e9s intitul\u00e9 L\u2019architecture autrement, des pratiques engag\u00e9es \u00e0 la MJC&hellip;\n","protected":false},"author":2,"featured_media":642686,"comment_status":"","ping_status":"","sticky":false,"template":"","format":"standard","meta":{"footnotes":""},"categories":[9635],"tags":[1111,11,6211,1687,1704,1777,674,1011,27,775,1702,1703,12,5486,25],"class_list":{"0":"post-642685","1":"post","2":"type-post","3":"status-publish","4":"format-standard","5":"has-post-thumbnail","7":"category-nancy","8":"tag-actu","9":"tag-actualites","10":"tag-conference","11":"tag-culture-loisirs","12":"tag-edition-nancy-et-agglomeration","13":"tag-eu","14":"tag-europe","15":"tag-fr","16":"tag-france","17":"tag-grand-est","18":"tag-nancy","19":"tag-nancy-ville-54b","20":"tag-news","21":"tag-rencontre","22":"tag-republique-francaise"},"share_on_mastodon":{"url":"https:\/\/pubeurope.com\/@fr\/115843046044916093","error":""},"_links":{"self":[{"href":"https:\/\/www.europesays.com\/fr\/wp-json\/wp\/v2\/posts\/642685","targetHints":{"allow":["GET"]}}],"collection":[{"href":"https:\/\/www.europesays.com\/fr\/wp-json\/wp\/v2\/posts"}],"about":[{"href":"https:\/\/www.europesays.com\/fr\/wp-json\/wp\/v2\/types\/post"}],"author":[{"embeddable":true,"href":"https:\/\/www.europesays.com\/fr\/wp-json\/wp\/v2\/users\/2"}],"replies":[{"embeddable":true,"href":"https:\/\/www.europesays.com\/fr\/wp-json\/wp\/v2\/comments?post=642685"}],"version-history":[{"count":0,"href":"https:\/\/www.europesays.com\/fr\/wp-json\/wp\/v2\/posts\/642685\/revisions"}],"wp:featuredmedia":[{"embeddable":true,"href":"https:\/\/www.europesays.com\/fr\/wp-json\/wp\/v2\/media\/642686"}],"wp:attachment":[{"href":"https:\/\/www.europesays.com\/fr\/wp-json\/wp\/v2\/media?parent=642685"}],"wp:term":[{"taxonomy":"category","embeddable":true,"href":"https:\/\/www.europesays.com\/fr\/wp-json\/wp\/v2\/categories?post=642685"},{"taxonomy":"post_tag","embeddable":true,"href":"https:\/\/www.europesays.com\/fr\/wp-json\/wp\/v2\/tags?post=642685"}],"curies":[{"name":"wp","href":"https:\/\/api.w.org\/{rel}","templated":true}]}}