{"id":642687,"date":"2026-01-05T14:49:18","date_gmt":"2026-01-05T14:49:18","guid":{"rendered":"https:\/\/www.europesays.com\/fr\/642687\/"},"modified":"2026-01-05T14:49:18","modified_gmt":"2026-01-05T14:49:18","slug":"face-a-un-risque-daffrontements-en-centre-ville-ce-lundi-la-prefecture-interdit-le-port-darmes","status":"publish","type":"post","link":"https:\/\/www.europesays.com\/fr\/642687\/","title":{"rendered":"face \u00e0 un risque d&rsquo;affrontements en centre-ville ce lundi, la pr\u00e9fecture interdit le port d&rsquo;armes"},"content":{"rendered":"<p>                    Par<br \/>\n        <strong><br \/>\n            <a href=\"https:\/\/actu.fr\/auteur\/pierre-emile-bouchy-actu-fr\" title=\"Consulter tous les articles de Paul-Emile Bouchy\" target=\"_blank\" rel=\"noopener\">Paul-Emile Bouchy<\/a><br \/>\n                    <\/strong><\/p>\n<p>        Publi\u00e9 le<\/p>\n<p>            5 janv. 2026 \u00e0 13h34        <\/p>\n<p>Ce lundi 5\u00a0janvier marque<a href=\"https:\/\/actu.fr\/societe\/saviez-vous-que-le-5-janvier-etait-la-fete-nationale-de-la-lorraine-et-des-lorrains_38509841.html\" target=\"_blank\" rel=\"noopener\"> la f\u00eate nationale de la Lorraine et des Lorrains<\/a> et <a href=\"https:\/\/actu.fr\/grand-est\/nancy_54395\/nancy-pourquoi-la-date-de-1477-est-inscrite-dans-cette-rue-de-la-vieille-ville_62283381.html\" target=\"_blank\" rel=\"noopener\">la victoire de la bataille de Nancy en 1477<\/a>. Si elle n\u2019est plus c\u00e9l\u00e9br\u00e9e depuis des si\u00e8cles, <strong>des groupes de la mouvance ultra-droite royaliste et r\u00e9gionaliste vont se rassembler \u00e0 18h place de la Croix de Bourgogne<\/strong>.<\/p>\n<p class=\" wall-content\">Pour \u00ab<strong>\u2009d\u00e9noncer la pr\u00e9sence des groupuscules d\u2019extr\u00eame-droite<\/strong> dans les rues et sur les places de Nancy\u2009\u00bb, <strong>un contre-rassemblement<\/strong> r\u00e9unissant entre 200 et 400 manifestants, organis\u00e9 par un collectif antifasciste, va se tenir au m\u00eame moment <strong>place Maginot<\/strong>.<\/p>\n<p class=\" wall-content\">Une situation qui a pouss\u00e9 la pr\u00e9fecture de <strong>Meurthe-et-Moselle<\/strong> \u00e0 prendre <a href=\"https:\/\/www.meurthe-et-moselle.gouv.fr\/contenu\/telechargement\/35556\/268414\/file\/Num%C3%A9ro%201%20du%204%20janvier%202026.pdf\" target=\"_blank\" rel=\"noopener\">un arr\u00eat\u00e9 pour interdire le port et le transport d\u2019armes<\/a> dans un p\u00e9rim\u00e8tre d\u00e9fini de Nancy.<\/p>\n<p>La pr\u00e9fecture craint \u00ab\u2009un risque d\u2019affrontements \u00bb dans le centre-ville de Nancy<\/p>\n<p class=\" wall-content\">Si ces deux rassemblements seront statiques et qu\u2019aucun cort\u00e8ge ne doit d\u00e9filer dans les rues de Nancy, la pr\u00e9fecture craint que le fort antagonisme entre les diff\u00e9rents groupes et le fait que les deux lieux soient distants de moins de 750 m\u00e8tres entra\u00eenent <strong>des affrontements physiques violents<\/strong>.<\/p>\n<p class=\" wall-content\">\u00ab\u2009Il ne peut \u00eatre exclu que <strong>des d\u00e9tachements de militants d\u2019ultra-droite ou d\u2019ultra-gauche cherchent \u00e0 aller \u00e0 la rencontre du groupe oppos\u00e9<\/strong>, laissant craindre un risque d\u2019affrontements entre les participants aux deux manifestations\u2009\u00bb, indique la pr\u00e9fecture.<\/p>\n<p>Les armes interdites ce lundi dans un secteur de Nancy<\/p>\n<p class=\" wall-content\">Consid\u00e9rant que des affrontements se sont multipli\u00e9s entre les militants de ces mouvances depuis 2023 et qu\u2019ils ont d\u00e9j\u00e0 fait usage d\u2019armes, un arr\u00eat\u00e9 pr\u00e9fectoral <strong>interdisant \u00ab\u2009le port et le transport d\u2019armes de toutes cat\u00e9gories confondues, de munitions et d\u2019objets pouvant constituer une arme par destination\u2009\u00bb ce lundi de 8h \u00e0 23h<\/strong> a \u00e9t\u00e9 pris.<\/p>\n<p class=\" wall-content\">L\u2019interdiction concerne le secteur de la place Charles III, du quartier Gare, de la place de la Croix de Bourgogne et du quartier de la Commanderie.<\/p>\n<p class=\" wall-content\">Personnalisez votre actualit\u00e9 en ajoutant vos villes et m\u00e9dias en favori avec <a href=\"https:\/\/moncompte.actu.fr\" title=\"D\u00e9couvez Mon Actu\" rel=\"nofollow noopener\" data-trk=\"{&quot;cta&quot;:{&quot;action&quot;:&quot;https:\\\/\\\/moncompte.actu.fr&quot;,&quot;category&quot;:&quot;mon compte&quot;,&quot;from&quot;:&quot;article footer&quot;,&quot;name&quot;:&quot;Mon actu&quot;,&quot;type&quot;:&quot;cta&quot;}}\" target=\"_blank\">Mon Actu<\/a>.<\/p>\n","protected":false},"excerpt":{"rendered":"Par Paul-Emile Bouchy Publi\u00e9 le 5 janv. 2026 \u00e0 13h34 Ce lundi 5\u00a0janvier marque la f\u00eate nationale de&hellip;\n","protected":false},"author":2,"featured_media":642688,"comment_status":"","ping_status":"","sticky":false,"template":"","format":"standard","meta":{"footnotes":""},"categories":[9635],"tags":[1111,11,1777,674,1011,27,775,1702,12,25,104],"class_list":{"0":"post-642687","1":"post","2":"type-post","3":"status-publish","4":"format-standard","5":"has-post-thumbnail","7":"category-nancy","8":"tag-actu","9":"tag-actualites","10":"tag-eu","11":"tag-europe","12":"tag-fr","13":"tag-france","14":"tag-grand-est","15":"tag-nancy","16":"tag-news","17":"tag-republique-francaise","18":"tag-societe"},"share_on_mastodon":{"url":"https:\/\/pubeurope.com\/@fr\/115843049948821712","error":""},"_links":{"self":[{"href":"https:\/\/www.europesays.com\/fr\/wp-json\/wp\/v2\/posts\/642687","targetHints":{"allow":["GET"]}}],"collection":[{"href":"https:\/\/www.europesays.com\/fr\/wp-json\/wp\/v2\/posts"}],"about":[{"href":"https:\/\/www.europesays.com\/fr\/wp-json\/wp\/v2\/types\/post"}],"author":[{"embeddable":true,"href":"https:\/\/www.europesays.com\/fr\/wp-json\/wp\/v2\/users\/2"}],"replies":[{"embeddable":true,"href":"https:\/\/www.europesays.com\/fr\/wp-json\/wp\/v2\/comments?post=642687"}],"version-history":[{"count":0,"href":"https:\/\/www.europesays.com\/fr\/wp-json\/wp\/v2\/posts\/642687\/revisions"}],"wp:featuredmedia":[{"embeddable":true,"href":"https:\/\/www.europesays.com\/fr\/wp-json\/wp\/v2\/media\/642688"}],"wp:attachment":[{"href":"https:\/\/www.europesays.com\/fr\/wp-json\/wp\/v2\/media?parent=642687"}],"wp:term":[{"taxonomy":"category","embeddable":true,"href":"https:\/\/www.europesays.com\/fr\/wp-json\/wp\/v2\/categories?post=642687"},{"taxonomy":"post_tag","embeddable":true,"href":"https:\/\/www.europesays.com\/fr\/wp-json\/wp\/v2\/tags?post=642687"}],"curies":[{"name":"wp","href":"https:\/\/api.w.org\/{rel}","templated":true}]}}