{"id":642712,"date":"2026-01-05T15:02:09","date_gmt":"2026-01-05T15:02:09","guid":{"rendered":"https:\/\/www.europesays.com\/fr\/642712\/"},"modified":"2026-01-05T15:02:09","modified_gmt":"2026-01-05T15:02:09","slug":"cette-boite-de-nuit-de-nice-prend-une-decision-radicale","status":"publish","type":"post","link":"https:\/\/www.europesays.com\/fr\/642712\/","title":{"rendered":"cette bo\u00eete de nuit de Nice prend une d\u00e9cision radicale"},"content":{"rendered":"<p>                    Par<br \/>\n        <strong><br \/>\n            <a href=\"https:\/\/actu.fr\/auteur\/ugo-maillard\" title=\"Consulter tous les articles de Ugo Maillard\" target=\"_blank\" rel=\"noopener\">Ugo Maillard<\/a><br \/>\n                    <\/strong><\/p>\n<p>        Publi\u00e9 le<\/p>\n<p>            5 janv. 2026 \u00e0 14h34        <\/p>\n<p>L\u2019\u00e9tablissement ne compte prendre aucun risque et souhaite \u00ab\u2009apporter une s\u00e9curit\u00e9 maximale \u00e0 notre client\u00e8le\u2009\u00bb. Le 1er\u00a0janvier 2026, un <strong>incendie<\/strong> a ravag\u00e9 un bar-discoth\u00e8que situ\u00e9 dans la station suisse de <strong>Crans-Montana<\/strong> faisant <a href=\"https:\/\/actu.fr\/faits-divers\/incendie-d-un-bar-a-crans-montana-bilan-humain-causes-ce-que-l-on-sait-deux-jours-apres-le-drame-en-suisse_63645791.html\" target=\"_blank\" rel=\"noopener\">plus de 40 victimes dont des mineurs<\/a>.<\/p>\n<p class=\" wall-content\">L\u2019origine des flammes se trouverait dans l\u2019usage de feu de Bengale, des bougies incandescentes qui aurait enflamm\u00e9 le plafond de l\u2019\u00e9tablissement, selon les premiers \u00e9l\u00e9ments communiqu\u00e9s par les enqu\u00eateurs suisses.<\/p>\n<p class=\" wall-content\">Ces bougies, tr\u00e8s utilis\u00e9es en bo\u00eete de nuit lors de l\u2019achat de la bouteille d\u2019alcool, <a href=\"https:\/\/actu.fr\/societe\/l-incendie-de-crans-montana-cause-par-des-feux-de-bengale-voici-comment-ils-sont-reglementes-en-france_63646942.html\" target=\"_blank\" rel=\"noopener\">ne sont pas interdites en France<\/a>, mais certains \u00e9tablissements de nuit ont annonc\u00e9 renoncer \u00e0 leur usage depuis le drame de Crans-Montana. C\u2019est le cas de la plus grande discoth\u00e8que de Nice (<a href=\"https:\/\/actu.fr\/provence-alpes-cote-d-azur\/alpes-maritimes_06\" target=\"_blank\" rel=\"noopener\">Alpes-Maritimes<\/a>).<\/p>\n<p>\u00ab\u00a0On va s\u2019en s\u00e9parer\u00a0\u00bb<\/p>\n<p class=\" wall-content\">Le g\u00e9rant du High Club, une discoth\u00e8que tr\u00e8s c\u00e9l\u00e8bre \u00e0 <a href=\"https:\/\/actu.fr\/nice\/\" target=\"_blank\" rel=\"noopener\">Nice<\/a> et sur la C\u00f4te d\u2019Azur a annonc\u00e9 que les feux de Bengale ne seraient plus utilis\u00e9s dans son \u00e9tablissement.<\/p>\n<p>    <a href=\"https:\/\/www.google.com\/maps\/embed?pb=!1m18!1m12!1m3!1d11539.251211183073!2d7.255071461278234!3d43.69365501470699!2m3!1f0!2f0!3f0!3m2!1i1024!2i768!4f13.1!3m3!1m2!1s0x12cdd072c86c1853%3A0x87f1745de42ff5d!2sHigh%20Club!5e0!3m2!1sfr!2sfr!4v1767615478326!5m2!1sfr!2sfr\" title=\"Ouvrie le lien\" target=\"_blank\" rel=\"noopener\">Cliquez ici pour visualiser le contenu<\/a><\/p>\n<p class=\" wall-content\">Dans une interview accord\u00e9e \u00e0 nos confr\u00e8res de Nice Matin, \u00c9ric Durand explique que leurs \u00ab\u2009\u00e9tablissements sont parfaitement s\u00e9curis\u00e9s, mais on a d\u00e9cid\u00e9 d\u2019enlever les feux de Bengale. \u00c7a fait trente ans que j\u2019en vois partout. Il y a plein de restaurants, de plages, de bo\u00eetes de nuit, de bars qui les utilisent, mais on va s\u2019en s\u00e9parer\u2009\u00bb.<\/p>\n<blockquote class=\"ac-article-quote wall-content\">\n<p>M\u00eame si, en 18 ans d\u2019exploitation du High Club, jamais ce genre d\u2019incident ne s\u2019est produit, nous tenons \u00e0 apporter une s\u00e9curit\u00e9 maximale \u00e0 notre client\u00e8le, en plus de respecter \u00e0 la lettre toute la r\u00e9glementation obligatoire en vigueur dans notre \u00e9tablissement.<\/p>\n<p>    <strong>High Club<\/strong>\n            <\/p><\/blockquote>\n<p>Votre r\u00e9gion, votre actu !<\/p>\n<p>Recevez chaque jour les infos qui comptent pour vous.<\/p>\n<p>\t<a href=\"https:\/\/actu.fr\/newsletter\" class=\"ac-btn ac-btn--corner ac-btn--medium ac-btn--blue800\" target=\"_blank\" rel=\"noopener\">S&rsquo;incrire<\/a><\/p>\n<p class=\" wall-content\">Pour pallier l\u2019interdiction de\u00a0ces bougies tr\u00e8s tendances, la bo\u00eete de nuit situ\u00e9e sur la promenade des Anglais indique avoir \u00ab\u2009command\u00e9 des sparklers num\u00e9riques \u00e0 LED, rechargeables\u2009\u00bb.<\/p>\n<p class=\" wall-content\">Personnalisez votre actualit\u00e9 en ajoutant vos villes et m\u00e9dias en favori avec <a href=\"https:\/\/moncompte.actu.fr\" title=\"D\u00e9couvez Mon Actu\" rel=\"nofollow noopener\" data-trk=\"{&quot;cta&quot;:{&quot;action&quot;:&quot;https:\\\/\\\/moncompte.actu.fr&quot;,&quot;category&quot;:&quot;mon compte&quot;,&quot;from&quot;:&quot;article footer&quot;,&quot;name&quot;:&quot;Mon actu&quot;,&quot;type&quot;:&quot;cta&quot;}}\" target=\"_blank\">Mon Actu<\/a>.<\/p>\n","protected":false},"excerpt":{"rendered":"Par Ugo Maillard Publi\u00e9 le 5 janv. 2026 \u00e0 14h34 L\u2019\u00e9tablissement ne compte prendre aucun risque et souhaite&hellip;\n","protected":false},"author":2,"featured_media":642713,"comment_status":"","ping_status":"","sticky":false,"template":"","format":"standard","meta":{"footnotes":""},"categories":[2819],"tags":[1111,11,1777,674,118,1011,27,1310,12,2401,882,25],"class_list":{"0":"post-642712","1":"post","2":"type-post","3":"status-publish","4":"format-standard","5":"has-post-thumbnail","7":"category-nice","8":"tag-actu","9":"tag-actualites","10":"tag-eu","11":"tag-europe","12":"tag-faits-divers","13":"tag-fr","14":"tag-france","15":"tag-incendie","16":"tag-news","17":"tag-nice","18":"tag-provence-alpes-cote-dazur","19":"tag-republique-francaise"},"share_on_mastodon":{"url":"https:\/\/pubeurope.com\/@fr\/115843101197724256","error":""},"_links":{"self":[{"href":"https:\/\/www.europesays.com\/fr\/wp-json\/wp\/v2\/posts\/642712","targetHints":{"allow":["GET"]}}],"collection":[{"href":"https:\/\/www.europesays.com\/fr\/wp-json\/wp\/v2\/posts"}],"about":[{"href":"https:\/\/www.europesays.com\/fr\/wp-json\/wp\/v2\/types\/post"}],"author":[{"embeddable":true,"href":"https:\/\/www.europesays.com\/fr\/wp-json\/wp\/v2\/users\/2"}],"replies":[{"embeddable":true,"href":"https:\/\/www.europesays.com\/fr\/wp-json\/wp\/v2\/comments?post=642712"}],"version-history":[{"count":0,"href":"https:\/\/www.europesays.com\/fr\/wp-json\/wp\/v2\/posts\/642712\/revisions"}],"wp:featuredmedia":[{"embeddable":true,"href":"https:\/\/www.europesays.com\/fr\/wp-json\/wp\/v2\/media\/642713"}],"wp:attachment":[{"href":"https:\/\/www.europesays.com\/fr\/wp-json\/wp\/v2\/media?parent=642712"}],"wp:term":[{"taxonomy":"category","embeddable":true,"href":"https:\/\/www.europesays.com\/fr\/wp-json\/wp\/v2\/categories?post=642712"},{"taxonomy":"post_tag","embeddable":true,"href":"https:\/\/www.europesays.com\/fr\/wp-json\/wp\/v2\/tags?post=642712"}],"curies":[{"name":"wp","href":"https:\/\/api.w.org\/{rel}","templated":true}]}}