{"id":642723,"date":"2026-01-05T15:09:09","date_gmt":"2026-01-05T15:09:09","guid":{"rendered":"https:\/\/www.europesays.com\/fr\/642723\/"},"modified":"2026-01-05T15:09:09","modified_gmt":"2026-01-05T15:09:09","slug":"a-toulouse-hanvol-lance-une-nouvelle-campagne-de-recrutement-dans-laeronautique","status":"publish","type":"post","link":"https:\/\/www.europesays.com\/fr\/642723\/","title":{"rendered":"\u00c0 Toulouse, Hanvol lance une nouvelle campagne de recrutement dans l\u2019a\u00e9ronautique"},"content":{"rendered":"<p>L\u2019association Hanvol vient de lancer sa nouvelle campagne de recrutement, notamment \u00e0 Toulouse o\u00f9 elle recherche des jeunes en orientation et des adultes en reconversion professionnelle, en situation de handicap, pour pr\u00e9parer des m\u00e9tiers techniques en alternance dans l\u2019a\u00e9ronautique, le spatial et la d\u00e9fense.<\/p>\n<p>Au printemps prochain, une pr\u00e9formation de trois mois d\u00e9butera avant une entr\u00e9e en alternance \u00e0 la rentr\u00e9e de septembre avec un CFA et une entreprise du secteur. Les candidats \u00ab\u00a0non \u00e9loign\u00e9s de l\u2019emploi\u00a0\u00bb peuvent \u00e9galement b\u00e9n\u00e9ficier d\u2019un coaching individuel partout en France.<\/p>\n<p>Les parcours visent des dipl\u00f4mes et certifications allant du CQPM aux Bac Pro, BTS, BUT, Licences professionnelles et \u00e9coles d\u2019ing\u00e9nieurs. En 2025, 71\u00a0% des personnes accompagn\u00e9es par Hanvol ont acc\u00e9d\u00e9 \u00e0 l\u2019alternance ou \u00e0 un emploi. L\u2019association a par ailleurs connu un fort d\u00e9veloppement avec 56 personnes accompagn\u00e9es contre une quarantaine par an les derni\u00e8res ann\u00e9es.<\/p>\n<p><strong>Candidatures avant le 15\u00a0f\u00e9vrier 2026 sur <a href=\"https:\/\/www.hanvol-insertion.aero\/vous-etes-candidat\/\" class=\"spip_out\" rel=\"external noopener\" target=\"_blank\">hanvol-insertion.aero<\/a><\/strong><\/p>\n","protected":false},"excerpt":{"rendered":"L\u2019association Hanvol vient de lancer sa nouvelle campagne de recrutement, notamment \u00e0 Toulouse o\u00f9 elle recherche des jeunes&hellip;\n","protected":false},"author":2,"featured_media":24040,"comment_status":"","ping_status":"","sticky":false,"template":"","format":"standard","meta":{"footnotes":""},"categories":[2816],"tags":[1111,11,296,554,341,1777,674,1119,1011,27,1943,74944,12,2680,25,671,2312],"class_list":{"0":"post-642723","1":"post","2":"type-post","3":"status-publish","4":"format-standard","5":"has-post-thumbnail","7":"category-toulouse","8":"tag-actu","9":"tag-actualites","10":"tag-aeronautique","11":"tag-defense","12":"tag-emploi","13":"tag-eu","14":"tag-europe","15":"tag-formation","16":"tag-fr","17":"tag-france","18":"tag-handicap","19":"tag-hanvol","20":"tag-news","21":"tag-occitanie","22":"tag-republique-francaise","23":"tag-spatial","24":"tag-toulouse"},"share_on_mastodon":{"url":"https:\/\/pubeurope.com\/@fr\/115843128774841900","error":""},"_links":{"self":[{"href":"https:\/\/www.europesays.com\/fr\/wp-json\/wp\/v2\/posts\/642723","targetHints":{"allow":["GET"]}}],"collection":[{"href":"https:\/\/www.europesays.com\/fr\/wp-json\/wp\/v2\/posts"}],"about":[{"href":"https:\/\/www.europesays.com\/fr\/wp-json\/wp\/v2\/types\/post"}],"author":[{"embeddable":true,"href":"https:\/\/www.europesays.com\/fr\/wp-json\/wp\/v2\/users\/2"}],"replies":[{"embeddable":true,"href":"https:\/\/www.europesays.com\/fr\/wp-json\/wp\/v2\/comments?post=642723"}],"version-history":[{"count":0,"href":"https:\/\/www.europesays.com\/fr\/wp-json\/wp\/v2\/posts\/642723\/revisions"}],"wp:featuredmedia":[{"embeddable":true,"href":"https:\/\/www.europesays.com\/fr\/wp-json\/wp\/v2\/media\/24040"}],"wp:attachment":[{"href":"https:\/\/www.europesays.com\/fr\/wp-json\/wp\/v2\/media?parent=642723"}],"wp:term":[{"taxonomy":"category","embeddable":true,"href":"https:\/\/www.europesays.com\/fr\/wp-json\/wp\/v2\/categories?post=642723"},{"taxonomy":"post_tag","embeddable":true,"href":"https:\/\/www.europesays.com\/fr\/wp-json\/wp\/v2\/tags?post=642723"}],"curies":[{"name":"wp","href":"https:\/\/api.w.org\/{rel}","templated":true}]}}