{"id":642726,"date":"2026-01-05T15:12:13","date_gmt":"2026-01-05T15:12:13","guid":{"rendered":"https:\/\/www.europesays.com\/fr\/642726\/"},"modified":"2026-01-05T15:12:13","modified_gmt":"2026-01-05T15:12:13","slug":"les-proches-dune-victime-transferee-a-lille-recherchent-un-logement","status":"publish","type":"post","link":"https:\/\/www.europesays.com\/fr\/642726\/","title":{"rendered":"les proches d\u2019une victime transf\u00e9r\u00e9e \u00e0 Lille recherchent un logement"},"content":{"rendered":"<p>Quelques jours apr\u00e8s <a target=\"_self\" href=\"https:\/\/www.lanouvellerepublique.fr\/a-la-une\/des-dizaines-de-morts-origine-du-drame-ce-que-l-on-sait-du-dramatique-incendie-dans-un-bar-a-crans-montana-1767280933\" rel=\"noopener\">le tragique incendie d\u2019un bar \u00e0 Crans-Montana<\/a>, les victimes ont \u00e9t\u00e9 officiellement identifi\u00e9es et les bless\u00e9s transf\u00e9r\u00e9s dans des structures adapt\u00e9es. C\u2019est le cas d\u2019une jeune Suissesse de 18\u00a0ans, prise en charge par le Centre des br\u00fbl\u00e9s du CHR de Lille (<a target=\"_self\" href=\"https:\/\/www.lanouvellerepublique.fr\/nord\" rel=\"noopener\">Nord<\/a>) afin de recevoir des soins appropri\u00e9s \u00e0 ses blessures. Elle a \u00e9t\u00e9 transport\u00e9e en avion et a atterri samedi 3\u00a0janvier 2026 \u00e0 l\u2019a\u00e9roport de Lesquin, rapporte <a target=\"_blank\" href=\"https:\/\/www.lavoixdunord.fr\/1661925\/article\/2026-01-04\/incendie-crans-montana-une-femme-de-18-ans-hospitalisee-lille-ses-proches\" rel=\"noopener\">La Voix du Nord<\/a>.<\/p>\n<p>Mais ses proches cherchent d\u00e9sormais un logement afin de rester aupr\u00e8s de la jeune femme. La famille, originaire de Lausanne, a lanc\u00e9 un appel sur Facebook, <a target=\"_blank\" href=\"https:\/\/www.facebook.com\/groups\/3292674547636285\/\" rel=\"noopener\">via le groupe \u00ab\u00a0L\u2019immo des Lilloises\u00a0\u00bb<\/a>. Si le p\u00e8re de la patiente a pu l\u2019accompagner et rester en maison hospitali\u00e8re, sa m\u00e8re et sa s\u0153ur souhaitent elles aussi rejoindre le nord de la France.<\/p>\n<p>Un bilan tr\u00e8s lourd<\/p>\n<p>Dans la nuit du mercredi 31\u00a0d\u00e9cembre au jeudi 1er\u00a0janvier, le bar \u00ab\u00a0Le Constellation\u00a0\u00bb s\u2019est embras\u00e9 en pleines festivit\u00e9s du Nouvel An. L\u2019incendie, qui a co\u00fbt\u00e9 la vie \u00e0 40 personnes et fait 119 bless\u00e9s, en majorit\u00e9 des jeunes, aurait \u00e9t\u00e9 d\u00e9clench\u00e9 par des bougies incandescentes qui ont enflamm\u00e9 le plafond. <a target=\"_blank\" href=\"https:\/\/www.lanouvellerepublique.fr\/a-la-une\/incendie-de-crans-montana-un-couple-de-gerants-francais-au-coeur-du-drame-1767540240\" rel=\"noopener\">Les deux g\u00e9rants du commerce<\/a> sont d\u00e9sormais vis\u00e9s par une instruction p\u00e9nale en Suisse, pour les chefs \u00ab\u00a0d\u2019homicide par n\u00e9gligence, de l\u00e9sions corporelles par n\u00e9gligence et d\u2019incendie par n\u00e9gligence\u00a0\u00bb.<\/p>\n<p>Selon un dernier bilan du Quai d\u2019Orsay, <a target=\"_self\" href=\"https:\/\/www.lanouvellerepublique.fr\/a-la-une\/incendie-de-crans-montana-en-suisse-neuf-francais-sont-decedes-selon-le-quai-d-orsay-1767555185\" rel=\"noopener\">neuf Fran\u00e7ais sont d\u00e9c\u00e9d\u00e9s dans ce drame et 23 autres ont \u00e9t\u00e9 bless\u00e9s<\/a>. Dix-huit patients ont \u00e9t\u00e9 transf\u00e9r\u00e9s dans des \u00e9tablissements fran\u00e7ais sp\u00e9cialis\u00e9s dans les soins aux grands br\u00fbl\u00e9s.<\/p>\n","protected":false},"excerpt":{"rendered":"Quelques jours apr\u00e8s le tragique incendie d\u2019un bar \u00e0 Crans-Montana, les victimes ont \u00e9t\u00e9 officiellement identifi\u00e9es et les&hellip;\n","protected":false},"author":2,"featured_media":642727,"comment_status":"","ping_status":"","sticky":false,"template":"","format":"standard","meta":{"footnotes":""},"categories":[2815],"tags":[1111,11,1674,1777,674,274,1011,27,811,1307,12,1308,25],"class_list":{"0":"post-642726","1":"post","2":"type-post","3":"status-publish","4":"format-standard","5":"has-post-thumbnail","7":"category-lille","8":"tag-actu","9":"tag-actualites","10":"tag-communes","11":"tag-eu","12":"tag-europe","13":"tag-faits-divers-justice","14":"tag-fr","15":"tag-france","16":"tag-hauts-de-france","17":"tag-lille","18":"tag-news","19":"tag-nord","20":"tag-republique-francaise"},"share_on_mastodon":{"url":"https:\/\/pubeurope.com\/@fr\/115843140377873049","error":""},"_links":{"self":[{"href":"https:\/\/www.europesays.com\/fr\/wp-json\/wp\/v2\/posts\/642726","targetHints":{"allow":["GET"]}}],"collection":[{"href":"https:\/\/www.europesays.com\/fr\/wp-json\/wp\/v2\/posts"}],"about":[{"href":"https:\/\/www.europesays.com\/fr\/wp-json\/wp\/v2\/types\/post"}],"author":[{"embeddable":true,"href":"https:\/\/www.europesays.com\/fr\/wp-json\/wp\/v2\/users\/2"}],"replies":[{"embeddable":true,"href":"https:\/\/www.europesays.com\/fr\/wp-json\/wp\/v2\/comments?post=642726"}],"version-history":[{"count":0,"href":"https:\/\/www.europesays.com\/fr\/wp-json\/wp\/v2\/posts\/642726\/revisions"}],"wp:featuredmedia":[{"embeddable":true,"href":"https:\/\/www.europesays.com\/fr\/wp-json\/wp\/v2\/media\/642727"}],"wp:attachment":[{"href":"https:\/\/www.europesays.com\/fr\/wp-json\/wp\/v2\/media?parent=642726"}],"wp:term":[{"taxonomy":"category","embeddable":true,"href":"https:\/\/www.europesays.com\/fr\/wp-json\/wp\/v2\/categories?post=642726"},{"taxonomy":"post_tag","embeddable":true,"href":"https:\/\/www.europesays.com\/fr\/wp-json\/wp\/v2\/tags?post=642726"}],"curies":[{"name":"wp","href":"https:\/\/api.w.org\/{rel}","templated":true}]}}