{"id":642728,"date":"2026-01-05T15:13:09","date_gmt":"2026-01-05T15:13:09","guid":{"rendered":"https:\/\/www.europesays.com\/fr\/642728\/"},"modified":"2026-01-05T15:13:09","modified_gmt":"2026-01-05T15:13:09","slug":"les-salaries-de-lhotel-marseille-saint-charles-toujours-en-greve","status":"publish","type":"post","link":"https:\/\/www.europesays.com\/fr\/642728\/","title":{"rendered":"les salari\u00e9s de l&rsquo;h\u00f4tel Marseille Saint-Charles toujours en gr\u00e8ve"},"content":{"rendered":"<p>Depuis le 29\u00a0d\u00e9cembre, les pancartes s\u2019agitent devant l\u2019entr\u00e9e vitr\u00e9e de l\u2019h\u00f4tel Marseille Saint-Charles. La col\u00e8re ne faiblit pas depuis que la direction des ressources humaines leur a annonc\u00e9 au lendemain de No\u00ebl que <a href=\"https:\/\/www.laprovence.com\/article\/societe\/1952103733972515\/sept-licenciements-a-lhotel-saint-charles-de-marseille\" target=\"_blank\" rel=\"noopener\">sept des vingt-cinq salari\u00e9s seraient licenci\u00e9s en janvier<\/a>. \u00ab\u00a0Nous avons eu un \u00e9change vendredi avec la direction qui ne parle plus de sept mais de six licenciements. Mais tout est flou, rien n\u2019est justifi\u00e9. On nous parle de licenciements \u00e9conomiques mais nous savons que les affaires tournent pas trop mal pour le groupe\u00a0\u00bb, rel\u00e8ve Toufik Ghodbane, \u00e9quipier dans l\u2019\u00e9tablissement depuis plus de 15\u00a0ans et repr\u00e9sentant syndical CNT-SO.<\/p>\n<p>L\u2019h\u00f4tel a en effet \u00e9t\u00e9 rachet\u00e9 en\u00a02023 par le groupe h\u00f4telier Alboran, cr\u00e9\u00e9 en\u00a02016 et propri\u00e9taire de 28 \u00e9tablissements en France. Alors que quelques touristes occupent encore les quatre \u00e9tages, les r\u00e9servations s\u2019arr\u00eateront jeudi.<\/p>\n<p>La direction entame en effet en fin de semaine de gros travaux pour transformer et moderniser l\u2019h\u00f4tel pour qu\u2019il r\u00e9ponde aux crit\u00e8res des \u00ab\u00a0Novotel\u00a0\u00bb quatre \u00e9toiles.<\/p>\n<p>\u00ab\u00a0Si la direction est revenue sur le nombre des salari\u00e9s licenci\u00e9s, de sept \u00e0 six, nous esp\u00e9rons que le dialogue puisse s\u2019instaurer et que le droit s\u2019applique. <a href=\"https:\/\/www.laprovence.com\/article\/societe\/23354126583479\/au-golden-tulip-de-marseille-les-femmes-de-chambre-en-greve-en-raison-des-cadences-infernales\" target=\"_blank\" rel=\"noopener\">Ce qui n\u2019est toujours pas le cas<\/a>\u00ab\u00a0, explique la d\u00e9fenseure syndicale CNT-SO, Ga\u00eblle Barbero.<\/p>\n<p>Alors que la col\u00e8re des salari\u00e9s de l\u2019ex Holiday Inn se fait entendre devant l\u2019entr\u00e9e, la direction n\u2019a pas souhait\u00e9 s\u2019exprimer.<\/p>\n","protected":false},"excerpt":{"rendered":"Depuis le 29\u00a0d\u00e9cembre, les pancartes s\u2019agitent devant l\u2019entr\u00e9e vitr\u00e9e de l\u2019h\u00f4tel Marseille Saint-Charles. La col\u00e8re ne faiblit pas&hellip;\n","protected":false},"author":2,"featured_media":642729,"comment_status":"","ping_status":"","sticky":false,"template":"","format":"standard","meta":{"footnotes":""},"categories":[2814],"tags":[5734,1111,11,932,1777,674,48751,1011,27,20258,151,884,5201,12,882,25,24,104,3585],"class_list":{"0":"post-642728","1":"post","2":"type-post","3":"status-publish","4":"format-standard","5":"has-post-thumbnail","7":"category-marseille","8":"tag-5734","9":"tag-actu","10":"tag-actualites","11":"tag-est","12":"tag-eu","13":"tag-europe","14":"tag-flou","15":"tag-fr","16":"tag-france","17":"tag-justifie","18":"tag-les","19":"tag-marseille","20":"tag-nest","21":"tag-news","22":"tag-provence-alpes-cote-dazur","23":"tag-republique-francaise","24":"tag-rien","25":"tag-societe","26":"tag-tout"},"share_on_mastodon":{"url":"https:\/\/pubeurope.com\/@fr\/115843144343908477","error":""},"_links":{"self":[{"href":"https:\/\/www.europesays.com\/fr\/wp-json\/wp\/v2\/posts\/642728","targetHints":{"allow":["GET"]}}],"collection":[{"href":"https:\/\/www.europesays.com\/fr\/wp-json\/wp\/v2\/posts"}],"about":[{"href":"https:\/\/www.europesays.com\/fr\/wp-json\/wp\/v2\/types\/post"}],"author":[{"embeddable":true,"href":"https:\/\/www.europesays.com\/fr\/wp-json\/wp\/v2\/users\/2"}],"replies":[{"embeddable":true,"href":"https:\/\/www.europesays.com\/fr\/wp-json\/wp\/v2\/comments?post=642728"}],"version-history":[{"count":0,"href":"https:\/\/www.europesays.com\/fr\/wp-json\/wp\/v2\/posts\/642728\/revisions"}],"wp:featuredmedia":[{"embeddable":true,"href":"https:\/\/www.europesays.com\/fr\/wp-json\/wp\/v2\/media\/642729"}],"wp:attachment":[{"href":"https:\/\/www.europesays.com\/fr\/wp-json\/wp\/v2\/media?parent=642728"}],"wp:term":[{"taxonomy":"category","embeddable":true,"href":"https:\/\/www.europesays.com\/fr\/wp-json\/wp\/v2\/categories?post=642728"},{"taxonomy":"post_tag","embeddable":true,"href":"https:\/\/www.europesays.com\/fr\/wp-json\/wp\/v2\/tags?post=642728"}],"curies":[{"name":"wp","href":"https:\/\/api.w.org\/{rel}","templated":true}]}}