{"id":642733,"date":"2026-01-05T15:16:12","date_gmt":"2026-01-05T15:16:12","guid":{"rendered":"https:\/\/www.europesays.com\/fr\/642733\/"},"modified":"2026-01-05T15:16:12","modified_gmt":"2026-01-05T15:16:12","slug":"nicolas-sarkozy-en-dedicace-a-la-fnac-lyon-bellecour-sur-inscription","status":"publish","type":"post","link":"https:\/\/www.europesays.com\/fr\/642733\/","title":{"rendered":"Nicolas Sarkozy en d\u00e9dicace \u00e0 la Fnac Lyon Bellecour | Sur inscription"},"content":{"rendered":"<p>A l\u2019occasion de la sortie de son livre \u00ab Le journal d\u2019un prisonnier \u00bb, Nicolas Sarkozy sera en d\u00e9dicace \u00e0 la Fnac Lyon Bellecour. Inscription obligatoire pour acc\u00e9der \u00e0 la s\u00e9ance de d\u00e9dicaces.<\/p>\n<p>Pour acc\u00e9der \u00e0 la s\u00e9ance de d\u00e9dicaces, les inscriptions sont obligatoires sur le lien suivant : <a href=\"https:\/\/animation.fnac.com\/zn\/ns_26_lyonb\" target=\"_blank\" rel=\"noopener\">inscription ICI<\/a><\/p>\n<p><strong>Le livre Le journal d\u2019un prisonnier <\/strong>: \u00ab En prison, il n\u2019y a rien \u00e0 voir, rien \u00e0 faire. J\u2019oublie le silence qui n\u2019existe pas \u00e0 la Sant\u00e9 o\u00f9 il y a beaucoup \u00e0 entendre. Le bruit y est h\u00e9las constant. \u00c0 l\u2019image du d\u00e9sert, la vie int\u00e9rieure se fortifie en prison. \u00bb<\/p>\n<p>INFORMATIONS COMPLEMENTAIRES :<\/p>\n<p>acc\u00e8s libre \u2013 sur inscription. <br \/>lieu de la d\u00e9dicace : au forum de la Fnac Lyon Bellecour<br \/>85 rue de la r\u00e9publique 69002 Lyon<\/p>\n<ul>\n<li>Toute entr\u00e9e se fera obligatoirement sur pr\u00e9sentation du mail de confirmation et de la pi\u00e8ce d\u2019identit\u00e9,<\/li>\n<li>Un bracelet d\u2019acc\u00e8s sera remis \u00e0 chaque participant<\/li>\n<li>Les accompagnants sont autoris\u00e9s uniquement s\u2019ils sont inscrits (inscriptions pour 1 ou 2 personnes)<\/li>\n<li>Pr\u00e9sentation obligatoire du livre \u00e0 l\u2019entr\u00e9e ou achat possible au sein du forum du magasin<\/li>\n<li>Selfies non autoris\u00e9s<\/li>\n<li>Aucune d\u00e9dicace ne sera autoris\u00e9e sur tout autre produit\/support<\/li>\n<li>Acc\u00e8s PMR au 83 de la rue de la R\u00e9publique<\/li>\n<\/ul>\n<p>________________________________<\/p>\n<p><strong>Pour garantir la s\u00e9curit\u00e9 de tous, certains objets sont strictement interdits dans l\u2019enceinte de l\u2019\u00e9v\u00e9nement.<\/strong><\/p>\n<p>Objets interdits : a\u00e9rosols et peinture, fumig\u00e8nes, p\u00e9tards et tout dispositif pyrotechnique, objets contondants ou susceptibles de blesser, pancartes rigides, tous liquides, gourdes et bouteilles, perches (selfies, drapeaux, etc.), tout autre objet consid\u00e9r\u00e9 comme dangereux.<\/p>\n<p><strong>Ces mesures visent \u00e0 assurer le bon d\u00e9roulement de l\u2019\u00e9v\u00e9nement et la s\u00e9curit\u00e9 des participants. En cas de doute, privil\u00e9giez la prudence et laissez l\u2019objet chez vous.<\/strong><\/p>\n<p style=\"text-align: center;\">*\u00c9v\u00e9nement gratuit, inscription obligatoire<\/p>\n<p>        <img decoding=\"async\" src=\"https:\/\/www.europesays.com\/fr\/wp-content\/uploads\/2025\/04\/logo-rse.png\" alt=\"Logo RSE\" loading=\"lazy\" width=\"84\" height=\"116\"\/><\/p>\n<p>\n        La Fnac s\u2019engage activement dans les initiatives de responsabilit\u00e9 soci\u00e9tale des entreprises (RSE).\n    <\/p>\n<p>\n        Aidez-nous en choisissant la mobilit\u00e9 douce en privil\u00e9giant par exemple le v\u00e9lo (pistes cyclables et stationnements \u00e0 disposition), les transports en commun ou le covoiturage pour nous rejoindre. Ainsi, vous contribuez \u00e0 r\u00e9duire les \u00e9missions de gaz \u00e0 effet de serre et \u00e0 am\u00e9liorer notre qualit\u00e9 de l\u2019air. Pour plus d\u2019information, consultez la fiche du magasin.<br \/>Tous nos \u00e9v\u00e8nements sont en acc\u00e8s gratuit, dans la limite des places disponibles.\n    <\/p>\n","protected":false},"excerpt":{"rendered":"A l\u2019occasion de la sortie de son livre \u00ab Le journal d\u2019un prisonnier \u00bb, Nicolas Sarkozy sera en&hellip;\n","protected":false},"author":2,"featured_media":642734,"comment_status":"","ping_status":"","sticky":false,"template":"","format":"standard","meta":{"footnotes":""},"categories":[1889],"tags":[1111,47,7491,11,2430,1777,674,74945,1011,27,2428,12,3091,316,806,25],"class_list":{"0":"post-642733","1":"post","2":"type-post","3":"status-publish","4":"format-standard","5":"has-post-thumbnail","7":"category-lyon","8":"tag-actu","9":"tag-actualite","10":"tag-actualite-livre","11":"tag-actualites","12":"tag-auvergne-rhone-alpes","13":"tag-eu","14":"tag-europe","15":"tag-fayard","16":"tag-fr","17":"tag-france","18":"tag-lyon","19":"tag-news","20":"tag-nicolas-sarkozy","21":"tag-politique","22":"tag-prison","23":"tag-republique-francaise"},"share_on_mastodon":{"url":"https:\/\/pubeurope.com\/@fr\/115843156119688601","error":""},"_links":{"self":[{"href":"https:\/\/www.europesays.com\/fr\/wp-json\/wp\/v2\/posts\/642733","targetHints":{"allow":["GET"]}}],"collection":[{"href":"https:\/\/www.europesays.com\/fr\/wp-json\/wp\/v2\/posts"}],"about":[{"href":"https:\/\/www.europesays.com\/fr\/wp-json\/wp\/v2\/types\/post"}],"author":[{"embeddable":true,"href":"https:\/\/www.europesays.com\/fr\/wp-json\/wp\/v2\/users\/2"}],"replies":[{"embeddable":true,"href":"https:\/\/www.europesays.com\/fr\/wp-json\/wp\/v2\/comments?post=642733"}],"version-history":[{"count":0,"href":"https:\/\/www.europesays.com\/fr\/wp-json\/wp\/v2\/posts\/642733\/revisions"}],"wp:featuredmedia":[{"embeddable":true,"href":"https:\/\/www.europesays.com\/fr\/wp-json\/wp\/v2\/media\/642734"}],"wp:attachment":[{"href":"https:\/\/www.europesays.com\/fr\/wp-json\/wp\/v2\/media?parent=642733"}],"wp:term":[{"taxonomy":"category","embeddable":true,"href":"https:\/\/www.europesays.com\/fr\/wp-json\/wp\/v2\/categories?post=642733"},{"taxonomy":"post_tag","embeddable":true,"href":"https:\/\/www.europesays.com\/fr\/wp-json\/wp\/v2\/tags?post=642733"}],"curies":[{"name":"wp","href":"https:\/\/api.w.org\/{rel}","templated":true}]}}