{"id":642741,"date":"2026-01-05T15:21:12","date_gmt":"2026-01-05T15:21:12","guid":{"rendered":"https:\/\/www.europesays.com\/fr\/642741\/"},"modified":"2026-01-05T15:21:12","modified_gmt":"2026-01-05T15:21:12","slug":"quinte-du-mardi-6-janvier-2026-a-vincennes-les-pronostics","status":"publish","type":"post","link":"https:\/\/www.europesays.com\/fr\/642741\/","title":{"rendered":"Quint\u00e9 du mardi 6 janvier 2026 \u00e0 Vincennes : les pronostics"},"content":{"rendered":"<p class=\"article-p mdl\">Retrouvez les pronostics de Dominique Cordier pour le Quint\u00e9 du mardi 6 janvier 2026 \u00e0 Vincennes, le Prix de Joinville. Trot attel\u00e9. <strong>D\u00e9part \u00e0 13h55. 16 partants. <\/strong>2.700 m\u00e8tres. Grande piste. Trotteurs m\u00e2les de 6 ans.<\/p>\n<p class=\"article-p mdl\">Parce que Benjamin Rochard d\u00e9laisse le <strong>5 Kysko de Fa\u00ebl <\/strong>pour driver le <strong>10 Killer Bond<\/strong>, on tient l\u00e0 un bon favori. Le lot n\u2019\u00e9tant pas tr\u00e8s relev\u00e9 et l\u2019ensemble assez h\u00e9t\u00e9rog\u00e8ne, on peut s\u2019attendre \u00e0 des rapports cons\u00e9quents.<\/p>\n<p class=\"article-p mdl\">Les deux beaux-fr\u00e8res que sont Damien Bonne et David Thomain seront retenus ensuite, le premier nomm\u00e9 avec le <strong>3 Karat Deff<\/strong>, le second avec son pensionnaire <strong>Kaiser Vrie<\/strong>.\n<\/p>\n<p class=\"article-p mdl\">Au plafond des gains, impossible de faire sans la candidature du r\u00e9gulier <strong>Kruger du Nord<\/strong>, qui est techniquement le plus rapide sur ce parcours.\n<\/p>\n<p class=\"article-p mdl\">Enfin, le <strong>6 Kerv\u00e9l\u00e9an<\/strong> est l\u2019outsider de RTL. Bon laur\u00e9at le 29 novembre sur ce parcours, il s\u2019est montr\u00e9 discret lors de sa sortie suivante, le jour de No\u00ebl. Un r\u00e9veil de sa part est possible ici, vu le modeste niveau de ce prix de s\u00e9rie.<\/p>\n<p>            Les pronostics<\/p>\n<p class=\"article-p mdl\">10. Killer Bond&#13;<br \/>13. Kaiser Vrie&#13;<br \/>16. Kruger du Nord&#13;<br \/>5. Kysko de Fa\u00ebl&#13;<br \/>9. Kerro de Houelle&#13;<br \/>3. Karat Deff&#13;<br \/>6. Kerv\u00e9l\u00e9an<\/p>\n<p>            L&rsquo;outsider de RTL<\/p>\n<p class=\"article-p mdl\">6. Kerv\u00e9l\u00e9an<\/p>\n<p>            R\u00e9sultats du dimanche 4 janvier 2026 \u00e0 Vincennes<\/p>\n<p class=\"article-p mdl\">Le favori de RTL s\u2019impose, l\u2019outsider de RTL est 6e.<\/p>\n<p>    La r\u00e9daction vous recommande<\/p>\n<p class=\"s-newsletter__title\">\n                L\u2019actualit\u00e9 par la r\u00e9daction de RTL dans votre bo\u00eete mail.\n            <\/p>\n<p class=\"s-newsletter__subtitle\">\n                Gr\u00e2ce \u00e0 votre compte RTL abonnez-vous \u00e0 la newsletter RTL info pour suivre toute l&rsquo;actualit\u00e9 au quotidien\n            <\/p>\n<p>\n                                    Lire la suite\n                                <\/p>\n","protected":false},"excerpt":{"rendered":"Retrouvez les pronostics de Dominique Cordier pour le Quint\u00e9 du mardi 6 janvier 2026 \u00e0 Vincennes, le Prix&hellip;\n","protected":false},"author":2,"featured_media":3836,"comment_status":"","ping_status":"","sticky":false,"template":"","format":"standard","meta":{"footnotes":""},"categories":[1888],"tags":[11,2621,2622,1777,674,107,2619,1011,27,12,626,2623,362,25],"class_list":{"0":"post-642741","1":"post","2":"type-post","3":"status-publish","4":"format-standard","5":"has-post-thumbnail","7":"category-paris","8":"tag-actualites","9":"tag-chevaux","10":"tag-courses","11":"tag-eu","12":"tag-europe","13":"tag-fil-info","14":"tag-fil-sport","15":"tag-fr","16":"tag-france","17":"tag-news","18":"tag-paris","19":"tag-quinte","20":"tag-replay","21":"tag-republique-francaise"},"share_on_mastodon":{"url":"https:\/\/pubeurope.com\/@fr\/115843175815308798","error":""},"_links":{"self":[{"href":"https:\/\/www.europesays.com\/fr\/wp-json\/wp\/v2\/posts\/642741","targetHints":{"allow":["GET"]}}],"collection":[{"href":"https:\/\/www.europesays.com\/fr\/wp-json\/wp\/v2\/posts"}],"about":[{"href":"https:\/\/www.europesays.com\/fr\/wp-json\/wp\/v2\/types\/post"}],"author":[{"embeddable":true,"href":"https:\/\/www.europesays.com\/fr\/wp-json\/wp\/v2\/users\/2"}],"replies":[{"embeddable":true,"href":"https:\/\/www.europesays.com\/fr\/wp-json\/wp\/v2\/comments?post=642741"}],"version-history":[{"count":0,"href":"https:\/\/www.europesays.com\/fr\/wp-json\/wp\/v2\/posts\/642741\/revisions"}],"wp:featuredmedia":[{"embeddable":true,"href":"https:\/\/www.europesays.com\/fr\/wp-json\/wp\/v2\/media\/3836"}],"wp:attachment":[{"href":"https:\/\/www.europesays.com\/fr\/wp-json\/wp\/v2\/media?parent=642741"}],"wp:term":[{"taxonomy":"category","embeddable":true,"href":"https:\/\/www.europesays.com\/fr\/wp-json\/wp\/v2\/categories?post=642741"},{"taxonomy":"post_tag","embeddable":true,"href":"https:\/\/www.europesays.com\/fr\/wp-json\/wp\/v2\/tags?post=642741"}],"curies":[{"name":"wp","href":"https:\/\/api.w.org\/{rel}","templated":true}]}}