{"id":642746,"date":"2026-01-05T15:24:14","date_gmt":"2026-01-05T15:24:14","guid":{"rendered":"https:\/\/www.europesays.com\/fr\/642746\/"},"modified":"2026-01-05T15:24:14","modified_gmt":"2026-01-05T15:24:14","slug":"guerre-en-ukraine-zelensky-remplace-le-chef-du-service-de-securite-nationale","status":"publish","type":"post","link":"https:\/\/www.europesays.com\/fr\/642746\/","title":{"rendered":"Guerre en Ukraine : Zelensky remplace le chef du service de s\u00e9curit\u00e9 nationale"},"content":{"rendered":"<p>\u00ab\u00a0Je l&rsquo;ai remerci\u00e9 pour son travail\u00a0\u00bb, a d\u00e9clar\u00e9 Zelensky sur les r\u00e9seaux sociaux, diffusant des photos de sa rencontre avec Maliouk, 42 ans, sur lesquelles on peut voir les deux hommes se serrer la main.\u00a0Le g\u00e9n\u00e9ral Maliouk est devenu tr\u00e8s populaire en Ukraine apr\u00e8s une s\u00e9rie d&rsquo;attaques retentissantes en Russie, qui envahit l&rsquo;Ukraine depuis pr\u00e8s de quatre ans.\u00a0<\/p>\n<p>Au cours d&rsquo;une op\u00e9ration in\u00e9dite, <a href=\"https:\/\/www.rtbf.be\/article\/guerre-en-ukraine-quel-est-le-reel-impact-de-l-operation-ukrainienne-toile-d-araignee-contre-l-armee-russe-11555921\" target=\"_blank\" rel=\"noopener\">baptis\u00e9e \u00ab\u00a0Toile d&rsquo;araign\u00e9e\u00a0\u00bb<\/a>, le SBU a ainsi r\u00e9ussi en 2025 \u00e0 d\u00e9truire plusieurs bombardiers russes <a href=\"https:\/\/www.rtbf.be\/article\/guerre-en-ukraine-l-operation-toile-d-araignee-preuve-que-l-ia-prend-definitivement-le-controle-des-drones-11560325\" target=\"_blank\" rel=\"noopener\">lors d&rsquo;une attaque coordonn\u00e9e de drones<\/a> envoy\u00e9s en Russie clandestinement, \u00e0 l&rsquo;int\u00e9rieur de camions.\u00a0Maliouk, qui dirigeait le SBU depuis 2022, continuera son travail au sein de cette structure et se concentrera sur des \u00ab\u00a0op\u00e9rations asym\u00e9triques\u00a0\u00bb contre la Russie, a ajout\u00e9\u00a0Zelensky, sans plus de pr\u00e9cisions.\u00a0<\/p>\n<p>Il a \u00e9galement sign\u00e9 un d\u00e9cret sur la nomination \u00e0 titre provisoire \u00e0 la t\u00eate du SBU de\u00a0Ievgeni\u00ef Khmara, le chef du d\u00e9partement \u00ab\u00a0Alfa\u00a0\u00bb sp\u00e9cialis\u00e9 dans des op\u00e9rations commando au sein du service de s\u00e9curit\u00e9 nationale. Cette d\u00e9cision s&rsquo;inscrit dans le cadre d&rsquo;un vaste remaniement entam\u00e9 par Volodymyr Zelensky au sein de structures li\u00e9es \u00e0 la d\u00e9fense, en d\u00e9pit d&rsquo;efforts diplomatiques internationaux en vue de mettre fin \u00e0 la guerre avec la Russie.\u00a0<\/p>\n","protected":false},"excerpt":{"rendered":"\u00ab\u00a0Je l&rsquo;ai remerci\u00e9 pour son travail\u00a0\u00bb, a d\u00e9clar\u00e9 Zelensky sur les r\u00e9seaux sociaux, diffusant des photos de sa&hellip;\n","protected":false},"author":2,"featured_media":642747,"comment_status":"","ping_status":"","sticky":false,"template":"","format":"standard","meta":{"footnotes":""},"categories":[1590],"tags":[11,1777,674,12,220],"class_list":{"0":"post-642746","1":"post","2":"type-post","3":"status-publish","4":"format-standard","5":"has-post-thumbnail","7":"category-ukraine","8":"tag-actualites","9":"tag-eu","10":"tag-europe","11":"tag-news","12":"tag-ukraine"},"share_on_mastodon":{"url":"https:\/\/pubeurope.com\/@fr\/115843187603044802","error":""},"_links":{"self":[{"href":"https:\/\/www.europesays.com\/fr\/wp-json\/wp\/v2\/posts\/642746","targetHints":{"allow":["GET"]}}],"collection":[{"href":"https:\/\/www.europesays.com\/fr\/wp-json\/wp\/v2\/posts"}],"about":[{"href":"https:\/\/www.europesays.com\/fr\/wp-json\/wp\/v2\/types\/post"}],"author":[{"embeddable":true,"href":"https:\/\/www.europesays.com\/fr\/wp-json\/wp\/v2\/users\/2"}],"replies":[{"embeddable":true,"href":"https:\/\/www.europesays.com\/fr\/wp-json\/wp\/v2\/comments?post=642746"}],"version-history":[{"count":0,"href":"https:\/\/www.europesays.com\/fr\/wp-json\/wp\/v2\/posts\/642746\/revisions"}],"wp:featuredmedia":[{"embeddable":true,"href":"https:\/\/www.europesays.com\/fr\/wp-json\/wp\/v2\/media\/642747"}],"wp:attachment":[{"href":"https:\/\/www.europesays.com\/fr\/wp-json\/wp\/v2\/media?parent=642746"}],"wp:term":[{"taxonomy":"category","embeddable":true,"href":"https:\/\/www.europesays.com\/fr\/wp-json\/wp\/v2\/categories?post=642746"},{"taxonomy":"post_tag","embeddable":true,"href":"https:\/\/www.europesays.com\/fr\/wp-json\/wp\/v2\/tags?post=642746"}],"curies":[{"name":"wp","href":"https:\/\/api.w.org\/{rel}","templated":true}]}}