{"id":642752,"date":"2026-01-05T15:27:11","date_gmt":"2026-01-05T15:27:11","guid":{"rendered":"https:\/\/www.europesays.com\/fr\/642752\/"},"modified":"2026-01-05T15:27:11","modified_gmt":"2026-01-05T15:27:11","slug":"prenez-lexemple-de-lallemagne-pigai-demande-a-la-population-de-ne-pas-sinquieter-de-larticle-sur-linsulte-au-president","status":"publish","type":"post","link":"https:\/\/www.europesays.com\/fr\/642752\/","title":{"rendered":"Prenez l&rsquo;exemple de l&rsquo;Allemagne, Pigai demande \u00e0 la population de ne pas s&rsquo;inqui\u00e9ter de l&rsquo;article sur l&rsquo;insulte au pr\u00e9sident"},"content":{"rendered":"<p class=\"p4\">JAKARTA &#8211; Le ministre des droits de l\u2019homme (HAM), Natalius Pigai, a invite\u0301 la communaute\u0301 a\u0300 ne pas s\u2019inqui\u00e9ter trop des articles qui reglent l\u2019interdiction de l\u2019insulte au pre\u0301sident dans le nouveau code p\u00e9nal (KUHP).<\/p>\n<p class=\"p4\">Pigai a de\u0301clare\u0301 que cette disposition n\u2019e\u0301tait pas seulement regle\u0301e en Indonesie, mais aussi dans d\u2019autres pays, dont l\u2019Allemagne. Cependant, selon lui, aucun citoyen n\u2019a jamais e\u0301te\u0301 condamne\u0301 pour le pre\u0301vu.<\/p>\n<p class=\"p4\">\u00ab En Allemagne, il y en a, mais jamais le chancelier allemand a emprisonn\u00e9 son peuple. Alors, ne vous inqui\u00e9tez pas trop \u00bb, a d\u00e9clar\u00e9 Pigai, rapporte\u0301 par ANTARA, lundi 5 janvier.<\/p>\n<p class=\"p4\">Pour lui, l\u2019article sur l\u2019insulte au pr\u00e9sident est une forme symbolique de l\u2019\u00c9tat qui prot\u00e8ge la dignit\u00e9 du chef de l\u2019\u00c9tat et la dignit\u00e9 de l\u2019\u00c9tat. Afin de ne pas \u00eatre d\u00e9tourn\u00e9, il a dit que l\u2019article \u00e9tait class\u00e9 comme d\u00e9lit de plainte.<\/p>\n<p class=\"p4\">\u00ab Ce n\u2019est que la personne concern\u00e9e qui a fait la demande et la personne concern\u00e9e qui a fait l\u2019amnistie et le retrait \u00bb, a-t-il dit.<\/p>\n<p class=\"p4\">En d\u00e9pit de la plainte, il est convaincu qu\u2019il est impossible pour le chef de l\u2019\u00c9tat d\u2019emprisonner ses concitoyens. \u00ab Quand le chancelier allemand veut faire des plaintes contre son peuple ? Eggakbisa lah,enggakmungkin lah \u00bb, a-t-il dit.<\/p>\n<p class=\"p4\">Pigai a dit que son parti n\u2019avait pas pu \u00e9valuer s\u2019il y avait ou non des violations des droits de l\u2019homme en vertu de cette disposition car le code p\u00e9nal national ne s\u2019applique qu\u2019\u00e0 partir du 2 janvier 2026.<\/p>\n<p class=\"p4\">\u00ab Une fois que cette loi sera adopt\u00e9e, et qu\u2019elle sera mise en \u0153uvre, il y aura des actions contraires aux droits de l\u2019homme, et on pourra alors \u00e9valuer. Maintenant, c\u2019est juste une loi \u00bb, a-t-il dit.<\/p>\n<p class=\"p4\">D&rsquo;autre part, Pigai a reconnu que le minist\u00e8re des droits de l&rsquo;homme n&rsquo;a pas \u00e9t\u00e9 trop impliqu\u00e9 dans l&rsquo;\u00e9laboration du code p\u00e9nal. Cela dit, il a re\u0301gime\u0301 le groupe de travail car, selon lui, le nouveau code p\u00e9nal contient des valeurs de droits de l&rsquo;homme.<\/p>\n<p class=\"p4\">\u00ab Je dis cela franchement. Bien que nous n\u2019ayons pas \u00e9t\u00e9 pleinement impliqu\u00e9s, je les appr\u00e9cie. Ceux qui ont r\u00e9dig\u00e9 cela sont des gens qui comprennent les droits de l\u2019homme, de sorte que les contenus, quand on les lit apr\u00e8s leur adoption, contiennent des valeurs en mati\u00e8re de droits de l\u2019homme \u00bb, a-t-il dit.<\/p>\n<p class=\"p4\">Il est connu que l\u2019article 218 de la loi n\u00b0 1 de 2023 sur le code p\u00e9nal dispose que toute personne qui attaque publiquement l\u2019honneur ou la dignit\u00e9 et la dignit\u00e9 et la dignit\u00e9 du pr\u00e9sident et\/ou du vice-pr\u00e9sident est condamn\u00e9e \u00e0 une peine maximale de trois ans de prison ou d\u2019une amende.<\/p>\n<p class=\"p4\">Le vice-ministre de la Justice, Edward Omar Sharif Hiariej, a explique\u0301 que cet article constituait une deli\u0300vre de plainte. \u00ab Donc, c\u2019est tr\u00e8s limitatif, et c\u2019est une deli\u0300vre de plainte. Dans une deli\u0300vre de plainte, ce qui doit le faire c\u2019est le dirigeant de l\u2019institution \u00bb, a-t-il de\u0301clare\u0301.<\/p>\n<p>The English, Chinese, Japanese, Arabic, and French versions are automatically generated by the AI. So there may still be inaccuracies in translating, please always see Indonesian as our main language.<br \/>\n                                    (system supported by DigitalSiber.id)<\/p>\n","protected":false},"excerpt":{"rendered":"JAKARTA &#8211; Le ministre des droits de l\u2019homme (HAM), Natalius Pigai, a invite\u0301 la communaute\u0301 a\u0300 ne pas&hellip;\n","protected":false},"author":2,"featured_media":642753,"comment_status":"","ping_status":"","sticky":false,"template":"","format":"standard","meta":{"footnotes":""},"categories":[1587],"tags":[74950,11,672,1804,1805,1803,1777,674,1801,74948,74949,12,1802],"class_list":{"0":"post-642752","1":"post","2":"type-post","3":"status-publish","4":"format-standard","5":"has-post-thumbnail","7":"category-allemagne","8":"tag-a-invite-la-population-a-ne-pas-sinquieter-trop-des-articles-qui-regissent-linterdiction-de-linsulte-au-president-dans-le-nouveau-code-penal-kuhp","9":"tag-actualites","10":"tag-allemagne","11":"tag-bundesrepublik-deutschland","12":"tag-de","13":"tag-deutschland","14":"tag-eu","15":"tag-europe","16":"tag-germany","17":"tag-le-ministre-des-droits-de-lhomme-ham","18":"tag-natalius-pigai","19":"tag-news","20":"tag-republique-federale-dallemagne"},"share_on_mastodon":{"url":"https:\/\/pubeurope.com\/@fr\/115843199396751415","error":""},"_links":{"self":[{"href":"https:\/\/www.europesays.com\/fr\/wp-json\/wp\/v2\/posts\/642752","targetHints":{"allow":["GET"]}}],"collection":[{"href":"https:\/\/www.europesays.com\/fr\/wp-json\/wp\/v2\/posts"}],"about":[{"href":"https:\/\/www.europesays.com\/fr\/wp-json\/wp\/v2\/types\/post"}],"author":[{"embeddable":true,"href":"https:\/\/www.europesays.com\/fr\/wp-json\/wp\/v2\/users\/2"}],"replies":[{"embeddable":true,"href":"https:\/\/www.europesays.com\/fr\/wp-json\/wp\/v2\/comments?post=642752"}],"version-history":[{"count":0,"href":"https:\/\/www.europesays.com\/fr\/wp-json\/wp\/v2\/posts\/642752\/revisions"}],"wp:featuredmedia":[{"embeddable":true,"href":"https:\/\/www.europesays.com\/fr\/wp-json\/wp\/v2\/media\/642753"}],"wp:attachment":[{"href":"https:\/\/www.europesays.com\/fr\/wp-json\/wp\/v2\/media?parent=642752"}],"wp:term":[{"taxonomy":"category","embeddable":true,"href":"https:\/\/www.europesays.com\/fr\/wp-json\/wp\/v2\/categories?post=642752"},{"taxonomy":"post_tag","embeddable":true,"href":"https:\/\/www.europesays.com\/fr\/wp-json\/wp\/v2\/tags?post=642752"}],"curies":[{"name":"wp","href":"https:\/\/api.w.org\/{rel}","templated":true}]}}