{"id":642763,"date":"2026-01-05T15:33:11","date_gmt":"2026-01-05T15:33:11","guid":{"rendered":"https:\/\/www.europesays.com\/fr\/642763\/"},"modified":"2026-01-05T15:33:11","modified_gmt":"2026-01-05T15:33:11","slug":"le-debut-de-saison-copieux-de-matthieu-pavon","status":"publish","type":"post","link":"https:\/\/www.europesays.com\/fr\/642763\/","title":{"rendered":"Le d\u00e9but de saison copieux de Matthieu Pavon"},"content":{"rendered":"<p>\t\t\t\t\t\t<img width=\"770\" height=\"556\" src=\"https:\/\/www.europesays.com\/fr\/wp-content\/uploads\/2026\/01\/afp__20250517__2215605785__v1__highres__2025pgachampionshiproundthree-770x556.jpg\" class=\"img-responsive wp-post-image\" alt=\"\" decoding=\"async\" fetchpriority=\"high\"  \/>\t\t\t\t\t<\/p>\n<p>\t\t\t\t\t\t Partager cet article <\/p>\n<p class=\"screen-reader-text juiz_sps_maybe_hidden_text\">Partager la publication \u00ab\u00a0Le d\u00e9but de saison copieux de Matthieu Pavon\u00a0\u00bb<\/p>\n<p><strong>Au repos depuis le 24 novembre et une ultime place de 67e au RSM Classic, dernier rendez-vous des Fall Series 2025, Matthieu Pavon a d\u00e9voil\u00e9 son calendrier de d\u00e9but d\u2019ann\u00e9e. Le Bordelais install\u00e9 en Floride va ainsi jouer quatre semaines d\u2019affil\u00e9e, prenant le d\u00e9part des quatre premiers rendez-vous de la saison 2026 sur le PGA Tour.\u00a0<\/strong><\/p>\n<p>Le d\u00e9but de saison s\u2019annonce intense pour <strong>Matthieu Pavon<\/strong>. Le Fran\u00e7ais, victorieux le 27 janvier 2024 du <strong>Farmers Insurance Open<\/strong>, va ainsi disputer les <a href=\"https:\/\/www.pgatour.com\/schedule\" target=\"_blank\" rel=\"noopener\">quatre premiers tournois de 2026<\/a>, \u00e0 savoir le <strong>Sony Open in Hawa\u00ef<\/strong> (15-18 janvier), l\u2019<strong>American Express<\/strong> (22-25 janvier), le Farmers Insurance Open (29 janvier-1er f\u00e9vrier) et le <strong>WM Phoenix Open<\/strong> (5-8 f\u00e9vrier).\u00a0<\/p>\n<p>Pas de Signature Events pour l\u2019instant\u2026<\/p>\n<p>Un calendrier sensiblement diff\u00e9rent de celui de l\u2019an pass\u00e9 \u00e0 la m\u00eame \u00e9poque puisqu\u2019il avait d\u00e9but\u00e9 au <strong>Sentry Tournament of Champions<\/strong> (<a href=\"https:\/\/www.golfplanete.com\/actualites\/la-secheresse-provoque-lannulation-du-tournoi-douverture-de-saison-du-pga-tour-et-la-creation-dun-nouveau-signature-event\/\" target=\"_blank\" rel=\"noopener\">annul\u00e9 cette ann\u00e9e en raison de difficult\u00e9s logistiques<\/a>) avant de d\u00e9fendre son titre \u00e0 <strong>Torrey Pines<\/strong> (cut manqu\u00e9). On l\u2019avait ensuite revu \u00e0 l\u2019<strong>AT&amp;T Pebble Beach Pro-Am<\/strong> (73e) puis au WM Phoenix Open (63e).\u00a0<\/p>\n<p>166e de la <strong>FedEx Cup 2025<\/strong> avec pour meilleur r\u00e9sultat une 31e place au <strong>World Wide Technology Championship<\/strong> d\u00e9but novembre, Matthieu Pavon, qui b\u00e9n\u00e9ficie d\u2019une exemption jusqu\u2019\u00e0 fin 2026, ne jouera en revanche pas les <strong>Signature Events<\/strong> cette saison. A moins de r\u00e9aliser un excellent d\u00e9but d\u2019exercice lors de ces quatre premiers tournois et ainsi d\u2019int\u00e9grer l\u2019<a href=\"https:\/\/www.pgatour.com\/signature-events\" target=\"_blank\" rel=\"noopener\">Aon Next 10<\/a>, passeport pour ces rendez-vous \u00e0 champ limit\u00e9 et \u00e0 20 millions de dollars de dotation chacun.\u00a0<\/p>\n<p>Photo : Alex Slitz \/ GETTY IMAGES NORTH AMERICA \/ Getty Images via AFP<\/p>\n","protected":false},"excerpt":{"rendered":"Partager cet article Partager la publication \u00ab\u00a0Le d\u00e9but de saison copieux de Matthieu Pavon\u00a0\u00bb Au repos depuis le&hellip;\n","protected":false},"author":2,"featured_media":642764,"comment_status":"","ping_status":"","sticky":false,"template":"","format":"standard","meta":{"footnotes":""},"categories":[1418],"tags":[1011,27,1472,60],"class_list":{"0":"post-642763","1":"post","2":"type-post","3":"status-publish","4":"format-standard","5":"has-post-thumbnail","7":"category-golf","8":"tag-fr","9":"tag-france","10":"tag-golf","11":"tag-sports"},"share_on_mastodon":{"url":"https:\/\/pubeurope.com\/@fr\/115843222962493642","error":""},"_links":{"self":[{"href":"https:\/\/www.europesays.com\/fr\/wp-json\/wp\/v2\/posts\/642763","targetHints":{"allow":["GET"]}}],"collection":[{"href":"https:\/\/www.europesays.com\/fr\/wp-json\/wp\/v2\/posts"}],"about":[{"href":"https:\/\/www.europesays.com\/fr\/wp-json\/wp\/v2\/types\/post"}],"author":[{"embeddable":true,"href":"https:\/\/www.europesays.com\/fr\/wp-json\/wp\/v2\/users\/2"}],"replies":[{"embeddable":true,"href":"https:\/\/www.europesays.com\/fr\/wp-json\/wp\/v2\/comments?post=642763"}],"version-history":[{"count":0,"href":"https:\/\/www.europesays.com\/fr\/wp-json\/wp\/v2\/posts\/642763\/revisions"}],"wp:featuredmedia":[{"embeddable":true,"href":"https:\/\/www.europesays.com\/fr\/wp-json\/wp\/v2\/media\/642764"}],"wp:attachment":[{"href":"https:\/\/www.europesays.com\/fr\/wp-json\/wp\/v2\/media?parent=642763"}],"wp:term":[{"taxonomy":"category","embeddable":true,"href":"https:\/\/www.europesays.com\/fr\/wp-json\/wp\/v2\/categories?post=642763"},{"taxonomy":"post_tag","embeddable":true,"href":"https:\/\/www.europesays.com\/fr\/wp-json\/wp\/v2\/tags?post=642763"}],"curies":[{"name":"wp","href":"https:\/\/api.w.org\/{rel}","templated":true}]}}