{"id":642777,"date":"2026-01-05T15:45:15","date_gmt":"2026-01-05T15:45:15","guid":{"rendered":"https:\/\/www.europesays.com\/fr\/642777\/"},"modified":"2026-01-05T15:45:15","modified_gmt":"2026-01-05T15:45:15","slug":"plus-belle-la-vie-en-avance-martin-porte-plainte-contre-idriss-luna-soutient-son-petit-fils-le-resume-de-lepisode-491-du-mardi-6-janvier-2026","status":"publish","type":"post","link":"https:\/\/www.europesays.com\/fr\/642777\/","title":{"rendered":"Plus belle la vie en avance : Martin porte plainte contre Idriss, Luna soutient son petit-fils\u2026 Le r\u00e9sum\u00e9 de l&rsquo;\u00e9pisode 491 du mardi 6 janvier 2026"},"content":{"rendered":"<p>Dans l\u2019\u00e9pisode de<a href=\"https:\/\/www.programme-tv.net\/news\/series-tv\/332492-plus-belle-la-vie-date-de-retour-horaire-casting-intrigue-tout-ce-quil-faut-savoir-sur-la-nouvelle-serie-de-tf1\/\" data-api-deeplink=\"teleloisirs:\/\/news\/332492\" target=\"_blank\" rel=\"noopener\"> Plus belle la vie, encore plus belle<\/a> du mardi 6\u00a0janvier 2026,<a href=\"https:\/\/www.tf1.fr\/tf1\/plus-belle-la-vie\/videos\/avant-premiere-plus-belle-la-vie-encore-plus-belle-du-vendredi-21-novembre-2025-episode-469-66926958.html\" target=\"_blank\" rel=\"noopener\"> d\u00e9j\u00e0 disponible sur TF1+,<\/a> qui <a href=\"https:\/\/www.programme-tv.net\/news\/series-tv\/395169-plus-belle-la-vie-encore-plus-belle-devoile-son-nouveau-generique-et-une-grosse-erreur-s-est-glissee-dedans\/\" data-api-deeplink=\"teleloisirs:\/\/news\/395169\" target=\"_blank\" rel=\"noopener\">a chang\u00e9 de g\u00e9n\u00e9rique<\/a>, Idriss est rong\u00e9 par la culpabilit\u00e9. Il confie \u00e0 Louisa que Martin a fait un malaise <a href=\"https:\/\/www.programme-tv.net\/news\/series-tv\/394827-plus-belle-la-vie-en-avance-martin-vole-un-telephone-idriss-l-arrete-et-le-blesse-yann-force-chloe-a-prendre-une-decision-le-resume-de-l-episode-490-du-lundi-5-janvier-2026\/\" data-api-deeplink=\"teleloisirs:\/\/news\/394827\" target=\"_blank\" rel=\"noopener\">lorsqu&rsquo;il l&rsquo;a interpell\u00e9 la veille<\/a>. Pire encore, l\u2019adolescent a deux c\u00f4tes f\u00eal\u00e9es. Le policier affirme qu\u2019il l\u2019a neutralis\u00e9 mais pas au point de lui infliger de telles blessures. \u00ab\u00a0\u00c7a me rend fou\u00a0\u00bb, lance-t-il \u00e0 sa petite s\u0153ur. De plus, il n\u2019a aucune nouvelle de Luna depuis ces \u00e9v\u00e9nements. Au m\u00eame moment, celle-ci retrouve Martin devant le Mistral. Elle lui demande de se rendre au commissariat pour le vol du t\u00e9l\u00e9phone de Louisa, de reconna\u00eetre les faits et de s\u2019excuser afin de ne pas avoir de casier judiciaire. L\u2019adolescent croise alors Lucie qui refuse de lui parler. \u00ab\u00a0Tu n\u2019es qu\u2019un voleur\u00a0\u00bb, lui l\u00e2che-t-elle. Elle ne veut plus le voir \u00e0 sa f\u00eate d&rsquo;anniversaire.<\/p>\n<p>                        Plus belle la vie en avance\u00a0: Idriss et Luna au bord de la rupture ?<\/p>\n<p>Au commissariat, Martin livre sa version des faits. Idriss intervient et lui assure que s\u2019il s\u2019excuse, Louisa ne portera pas plainte. Mais l\u2019adolescent l\u00e2che alors une bombe\u00a0: ce n\u2019est pas \u00e0 lui de s\u2019excuser mais \u00e0 Idriss. Il porte plainte pour violences polici\u00e8res ! Plus tard, Stanislas informe Idriss que l\u2019adolescent maintient ses accusations et lui demande sa version des faits. Selon Idriss, Martin a \u00e9t\u00e9 pris en flagrant d\u00e9lit en train de revendre le t\u00e9l\u00e9phone de Louisa. Il a pris la fuite, et le policier a fini par l\u2019arr\u00eater, sans que Martin n&rsquo;oppose de r\u00e9sistance. Une version \u00e0 mille lieues de celle de l\u2019adolescent qui l\u2019accuse de l\u2019avoir rou\u00e9 de coups. Furieux, Idriss part retrouver Luna. Cette derni\u00e8re veut prendre ses distances le temps de l\u2019enqu\u00eate. Elle refuse de demander \u00e0 Martin de retirer sa plainte\u00a0: \u00ab\u00a0Je ne peux pas le trahir\u00a0\u00bb, affirme-t-elle. Selon elle, son petit-fils, <a href=\"https:\/\/www.programme-tv.net\/news\/series-tv\/393740-plus-belle-la-vie-en-avance-martin-torres-debarque-au-mistral-chloe-pourrait-perdre-elena-le-resume-de-l-episode-482-du-mercredi-10-decembre-2025\/\" data-api-deeplink=\"teleloisirs:\/\/news\/393740\" target=\"_blank\" rel=\"noopener\">venu habiter quelque temps chez elle,<\/a> n\u2019a pas pu inventer ses blessures. \u00ab\u00a0Tu ne vois pas qu\u2019il veut tout d\u00e9truire\u00a0\u00bb, lui lance alors Idriss, la pr\u00e9venant qu\u2019il risque gros avec cette plainte.<\/p>\n<p>            Plus belle la vie en avance\u00a0: Steve est au plus mal depuis le d\u00e9part de Nisma<\/p>\n<p>\u00c0 la r\u00e9sidence Massalia, Jules, Morgane et Apolline ont du mal \u00e0 se remettre <a href=\"https:\/\/www.programme-tv.net\/news\/series-tv\/394433-plus-belle-la-vie-le-depart-de-nisma-dans-la-serie-de-tf1-est-il-definitif-ella-philippe-repond\/\" data-api-deeplink=\"teleloisirs:\/\/news\/394433\" target=\"_blank\" rel=\"noopener\">du d\u00e9part de Nisma.<\/a> Mais c\u2019est encore pire du c\u00f4t\u00e9 de Steve qui n\u2019a m\u00eame pas eu le courage de lui dire au revoir. Il est au plus mal et les blagues d\u2019Apolline pour lui remonter le moral n\u2019y font rien. Plus tard, alors qu\u2019un nouveau pensionnaire de la r\u00e9sidence cherche la laverie, personne ne lui pr\u00eate attention. R\u00e9volt\u00e9, Steve d\u00e9cide de couper le wifi. \u00ab\u00a0On a un nouveau \u00e0 la r\u00e9sidence qui est en gal\u00e8re et personne ne l&rsquo;aide, c\u2019est normal ?\u00a0\u00bb, lance-t-il \u00e0 l\u2019assembl\u00e9e. Une initiative accueillie froidement par ses camarades. Steve retrouve ensuite Jules, \u00e0 qui il pr\u00e9sente ses excuses pour ce coup de sang. Le d\u00e9part de Nisma le ronge et il se pose des questions sur sa vie, ses \u00e9tudes\u2026 Il ne trouve plus de sens dans ce qu\u2019il fait ! Face \u00e0 cette crise existentielle, Jules lui propose de faire une interview avec, pour th\u00e8me : \u00ab\u00a0Le monde de demain vu par un geek \u00e9co-anxieux\u00a0\u00bb, gr\u00e2ce \u00e0 laquelle il pourrait \u00e9veiller les consciences et se sentir utile.<\/p>\n<p>                        Plus belle la vie en avance\u00a0: Djawad veut emm\u00e9nager avec Ariane<\/p>\n<p>Au Mistral, Djawad est aux petits soins avec Ariane. Il lui sert un caf\u00e9 bio, cens\u00e9 \u00eatre bon pour le b\u00e9b\u00e9. Mais cette derni\u00e8re ne va pas tenir jusqu&rsquo;au terme <a href=\"https:\/\/www.programme-tv.net\/news\/series-tv\/386194-plus-belle-la-vie-en-avance-ariane-est-enceinte-elle-quitte-djawad-hector-fait-ses-adieux-a-vanessa-mirta-decouvre-les-lingots-dans-le-coffre-de-robert-le-resume-de-lepisode-408-du-jeudi-27-aout-2025\/\" data-api-deeplink=\"teleloisirs:\/\/news\/386194\" target=\"_blank\" rel=\"noopener\">de sa grossesse <\/a>s\u2019il continue \u00e0 lui imposer ce r\u00e9gime. Il lui sugg\u00e8re de prendre des cours de pr\u00e9paration \u00e0 l\u2019accouchement, une proposition accueillie froidement\u00a0: \u00ab\u00a0C\u2019est mort\u00a0\u00bb, lui r\u00e9pond la flic. Mais Djawad n\u2019en d\u00e9mord pas : \u00ab\u00a0Je veux \u00eatre au top quand le b\u00e9b\u00e9 va arriver\u00a0\u00bb. Finalement, Ariane accepte de se rendre au cours donn\u00e9 par Babeth au Pavillon des Fleurs : \u00ab\u00a0C\u2019\u00e9tait hors de question que tu viennes ici pour tripoter des nanas\u00a0\u00bb, se justifie-t-elle avec malice. Mais lorsque Babeth leur demande de faire la position du chat, c\u2019en est trop pour Ariane qui ne peut cacher son malaise alors que Djawad, plus investi que jamais, simule m\u00eame des contractions pour se mettre \u00e0 la place de la future maman.<\/p>\n<p>Plus tard, celui-ci retrouve Thomas au Mistral. Il lui confie qu\u2019il voudrait habiter avec Ariane pour \u00eatre un p\u00e8re \u00e0 temps plein. Une femme du cours de pr\u00e9paration \u00e0 l\u2019accouchement entre alors. Elle annonce \u00e0 Djawad qu\u2019elle quitte le quartier et va louer son appartement situ\u00e9 en face du Mistral. Une heureuse co\u00efncidence ?<\/p>\n","protected":false},"excerpt":{"rendered":"Dans l\u2019\u00e9pisode de Plus belle la vie, encore plus belle du mardi 6\u00a0janvier 2026, d\u00e9j\u00e0 disponible sur TF1+,&hellip;\n","protected":false},"author":2,"featured_media":642778,"comment_status":"","ping_status":"","sticky":false,"template":"","format":"standard","meta":{"footnotes":""},"categories":[1356],"tags":[244,58,1367,7313,7312,7314,7315,7316,59,1011,27,5249,1368,7309,7311,7310,252,199,2175,1364],"class_list":{"0":"post-642777","1":"post","2":"type-post","3":"status-publish","4":"format-standard","5":"has-post-thumbnail","7":"category-television","8":"tag-commentaire","9":"tag-divertissement","10":"tag-encore-plus-belle","11":"tag-encore-plus-belle-182024-0120-pm-plug-rtl","12":"tag-encore-plus-belle-192024-1145-am-rts-un","13":"tag-encore-plus-belle-saison-1-52152789","14":"tag-encore-plus-belle-su00e9rie-52152788","15":"tag-encore-plus-belle-le-doc-u00e9vu00e8nement-292024-0905-pm-tfx","16":"tag-entertainment","17":"tag-fr","18":"tag-france","19":"tag-mytf1-max","20":"tag-plus-belle-la-vie","21":"tag-plus-belle-la-vie-en-avance","22":"tag-ru00e9sumu00e9-plus-belle-la-vie","23":"tag-ru00e9sumu00e9-plus-belle-la-vie-en-avance","24":"tag-television","25":"tag-tf1","26":"tag-tl-story","27":"tag-tv"},"share_on_mastodon":{"url":"","error":"Validation failed: Text character limit of 500 exceeded"},"_links":{"self":[{"href":"https:\/\/www.europesays.com\/fr\/wp-json\/wp\/v2\/posts\/642777","targetHints":{"allow":["GET"]}}],"collection":[{"href":"https:\/\/www.europesays.com\/fr\/wp-json\/wp\/v2\/posts"}],"about":[{"href":"https:\/\/www.europesays.com\/fr\/wp-json\/wp\/v2\/types\/post"}],"author":[{"embeddable":true,"href":"https:\/\/www.europesays.com\/fr\/wp-json\/wp\/v2\/users\/2"}],"replies":[{"embeddable":true,"href":"https:\/\/www.europesays.com\/fr\/wp-json\/wp\/v2\/comments?post=642777"}],"version-history":[{"count":0,"href":"https:\/\/www.europesays.com\/fr\/wp-json\/wp\/v2\/posts\/642777\/revisions"}],"wp:featuredmedia":[{"embeddable":true,"href":"https:\/\/www.europesays.com\/fr\/wp-json\/wp\/v2\/media\/642778"}],"wp:attachment":[{"href":"https:\/\/www.europesays.com\/fr\/wp-json\/wp\/v2\/media?parent=642777"}],"wp:term":[{"taxonomy":"category","embeddable":true,"href":"https:\/\/www.europesays.com\/fr\/wp-json\/wp\/v2\/categories?post=642777"},{"taxonomy":"post_tag","embeddable":true,"href":"https:\/\/www.europesays.com\/fr\/wp-json\/wp\/v2\/tags?post=642777"}],"curies":[{"name":"wp","href":"https:\/\/api.w.org\/{rel}","templated":true}]}}