{"id":642779,"date":"2026-01-05T15:46:11","date_gmt":"2026-01-05T15:46:11","guid":{"rendered":"https:\/\/www.europesays.com\/fr\/642779\/"},"modified":"2026-01-05T15:46:11","modified_gmt":"2026-01-05T15:46:11","slug":"rohff-annonce-un-gros-morceau-avec-dam16-booba-le-trolle","status":"publish","type":"post","link":"https:\/\/www.europesays.com\/fr\/642779\/","title":{"rendered":"Rohff annonce un gros morceau avec Dam16, Booba le trolle"},"content":{"rendered":"<p itemprop=\"description\"><strong>\u00c7a continue de se taquiner entre Booba et Rohff, les deux tauliers du rap fran\u00e7ais, alors que le rappeur du 94 vient d&rsquo;annoncer qu&rsquo;un son avec Dam16 \u00e9tait dans les tuyaux.<\/strong><\/p>\n<p><strong>Comme un parfum d&rsquo;ann\u00e9es 2010 dans l&rsquo;actualit\u00e9 du rap fran\u00e7ais en ce moment !<\/strong> Et en vrai, ce n&rsquo;est pas forc\u00e9ment d\u00e9sagr\u00e9able, m\u00eame si on esp\u00e8re que \u00e7a ne va pas durer trop longtemps. La semaine derni\u00e8re, <a href=\"https:\/\/generations.fr\/news\/musique\/80848\/sultan-et-rohff-en-mode-guerre-des-etoiles\" target=\"_blank\" rel=\"noopener\"><strong>Rohff et Sultan d\u00e9voilaient un nouveau featuring nomm\u00e9 \u00ab\u00a0Guerre des \u00e9toiles\u00a0\u00bb<\/strong><\/a>, et le morceau fonctionne plut\u00f4t bien. Apr\u00e8s ce feat, ainsi que <strong>celui avec Kofs<\/strong> sorti il y a plusieurs jours, <strong>Housni est en mode bulldozer et il vient d&rsquo;annoncer qu&rsquo;il avait fait un morceau pour <a href=\"https:\/\/generations.fr\/news\/coulisse\/80563\/gims-nargue-booba-en-tournant-un-clip-avec-dam16-a-nanterre-la-ou-tu-ne-pourras-jamais-aller\" target=\"_blank\" rel=\"noopener\">Dam16<\/a>. Forc\u00e9ment, Booba n&rsquo;a pas pus &#8217;emp\u00eacher de le troller.<\/strong><\/p>\n<p>On parlait justement d&rsquo;ann\u00e9es 2010, et <strong>cette annonce de collaboration avec Dam16 de la part de Rohff nous renvoie aux heures les plus folles du rap fran\u00e7ais, milieu des ann\u00e9es 2010<\/strong>, alors que les clashs se multiplient de tous les c\u00f4t\u00e9s entre Booba, la Fouine, Rohff, Kaaris et bien d&rsquo;autres, avec <strong>cette fameuse histoire de \u00ab\u00a0ceinture vol\u00e9e\u00a0\u00bb lors d&rsquo;une bagarre<\/strong> entre Dam16 et Kopp. Sur un post Instagram, Housni a confirm\u00e9 qu&rsquo;un <strong>morceau avait bien \u00e9t\u00e9 enregistr\u00e9 pour le projet de Dam16<\/strong>, qui devrait sortir prochainement, en pressant l&rsquo;artiste du 92 pour qu&rsquo;il publie le titre le plus vite possible en le qualifiant de \u00ab\u00a0banger de zinzin\u00a0\u00bb.<\/p>\n<blockquote class=\"instagram-media\" style=\"background: #FFF; border: 0; border-radius: 3px; box-shadow: 0 0 1px 0 rgba(0,0,0,0.5),0 1px 10px 0 rgba(0,0,0,0.15); margin: 1px; max-width: 540px; min-width: 326px; padding: 0; width: calc(100% - 2px);\" data-instgrm-captioned=\"\" data-instgrm-permalink=\"https:\/\/www.instagram.com\/p\/DTEFqOYCFKM\/?utm_source=ig_embed&amp;utm_campaign=loading\" data-instgrm-version=\"14\"><p>&#13;<br \/>\n&#13;\n<\/p><\/blockquote>\n<p>L&rsquo;annonce a fait beaucoup r\u00e9agir, avec pas mal de r\u00e9actions positives, notamment de la part des fans de Rohff. Mais aussi des r\u00e9actions n\u00e9gatives, ou plut\u00f4t ironiques, comme celle de la part de <a href=\"https:\/\/generations.fr\/news\/coulisse\/80840\/booba-avertit-ninho-si-tu-veux-battle-j-te-carbonise-sur-place\" target=\"_blank\" rel=\"noopener\">Booba<\/a>, \u00e9videmment, qui n&rsquo;allait pas laisser deux de ses opps s&rsquo;unir sans r\u00e9agir. En story, Kopp a r\u00e9agi \u00e0 la nouvelle, <strong>en interpellant Dam16 : \u00ab\u00a0Sors nous vite ce banger!!!\u00a0\u00bb<\/strong>.\u00a0<\/p>\n<p>On imagine qu&rsquo;on aura droit \u00e0 une r\u00e9action du boss du 92i apr\u00e8s la sortie du morceau, un peu \u00e0 l&rsquo;image de ce qu&rsquo;il avait fait lors de la sortie de \u00ab\u00a0FITNA\u00a0\u00bb. En tout cas, les prochaines semaines promettent d&rsquo;\u00eatre mouvement\u00e9es dans le rap fran\u00e7ais&#8230;<\/p>\n<p>\t\t\t\t\t\t\t\t\t\t\t\t\t\t\t\t\t\t\t<script async src=\"\/\/www.instagram.com\/embed.js\"><\/script><\/p>\n","protected":false},"excerpt":{"rendered":"\u00c7a continue de se taquiner entre Booba et Rohff, les deux tauliers du rap fran\u00e7ais, alors que le&hellip;\n","protected":false},"author":2,"featured_media":642780,"comment_status":"","ping_status":"","sticky":false,"template":"","format":"standard","meta":{"footnotes":""},"categories":[1355],"tags":[1111,67642,11,2163,58,59,1011,27,3612,3620,3606,3607,3605,3608,3617,3615,3609,1922,1361,873,12,2189,3658,1825,67643,3616,3656,67641,3619,3621,3611,3610,2955,3655],"class_list":{"0":"post-642779","1":"post","2":"type-post","3":"status-publish","4":"format-standard","5":"has-post-thumbnail","7":"category-musique","8":"tag-actu","9":"tag-actu-rap","10":"tag-actualites","11":"tag-chroniques","12":"tag-divertissement","13":"tag-entertainment","14":"tag-fr","15":"tag-france","16":"tag-freestyles","17":"tag-funk","18":"tag-generation","19":"tag-generation88-2","20":"tag-generations","21":"tag-generations88-2","22":"tag-hip-hop","23":"tag-hiphop","24":"tag-hiphopsoul","25":"tag-info","26":"tag-music","27":"tag-musique","28":"tag-news","29":"tag-photos","30":"tag-playlist","31":"tag-radio","32":"tag-radio-rap","33":"tag-rap","34":"tag-rapfr","35":"tag-rapus","36":"tag-reggae","37":"tag-rnb","38":"tag-sons","39":"tag-soul","40":"tag-videos","41":"tag-webradio"},"share_on_mastodon":{"url":"https:\/\/pubeurope.com\/@fr\/115843274462176012","error":""},"_links":{"self":[{"href":"https:\/\/www.europesays.com\/fr\/wp-json\/wp\/v2\/posts\/642779","targetHints":{"allow":["GET"]}}],"collection":[{"href":"https:\/\/www.europesays.com\/fr\/wp-json\/wp\/v2\/posts"}],"about":[{"href":"https:\/\/www.europesays.com\/fr\/wp-json\/wp\/v2\/types\/post"}],"author":[{"embeddable":true,"href":"https:\/\/www.europesays.com\/fr\/wp-json\/wp\/v2\/users\/2"}],"replies":[{"embeddable":true,"href":"https:\/\/www.europesays.com\/fr\/wp-json\/wp\/v2\/comments?post=642779"}],"version-history":[{"count":0,"href":"https:\/\/www.europesays.com\/fr\/wp-json\/wp\/v2\/posts\/642779\/revisions"}],"wp:featuredmedia":[{"embeddable":true,"href":"https:\/\/www.europesays.com\/fr\/wp-json\/wp\/v2\/media\/642780"}],"wp:attachment":[{"href":"https:\/\/www.europesays.com\/fr\/wp-json\/wp\/v2\/media?parent=642779"}],"wp:term":[{"taxonomy":"category","embeddable":true,"href":"https:\/\/www.europesays.com\/fr\/wp-json\/wp\/v2\/categories?post=642779"},{"taxonomy":"post_tag","embeddable":true,"href":"https:\/\/www.europesays.com\/fr\/wp-json\/wp\/v2\/tags?post=642779"}],"curies":[{"name":"wp","href":"https:\/\/api.w.org\/{rel}","templated":true}]}}