{"id":642783,"date":"2026-01-05T15:48:10","date_gmt":"2026-01-05T15:48:10","guid":{"rendered":"https:\/\/www.europesays.com\/fr\/642783\/"},"modified":"2026-01-05T15:48:10","modified_gmt":"2026-01-05T15:48:10","slug":"ce-symptome-oculaire-est-lun-des-plus-precoces-et-lignorer-peut-etre-fatal","status":"publish","type":"post","link":"https:\/\/www.europesays.com\/fr\/642783\/","title":{"rendered":"ce sympt\u00f4me oculaire est l\u2019un des plus pr\u00e9coces , et l\u2019ignorer peut \u00eatre fatal"},"content":{"rendered":"<p>Cancer du pancr\u00e9as : ce signe oculaire discret peut alerter<br \/>\ntr\u00e8s t\u00f4t<\/p>\n<p>Silencieux, agressif, souvent d\u00e9couvert tard. Le <strong>cancer<br \/>\ndu pancr\u00e9as<\/strong> reste l\u2019un des plus redout\u00e9s : en France,<br \/>\nl\u2019Institut National du Cancer recense environ <strong>14<br \/>\n000<\/strong> nouveaux cas par an, pour pr\u00e8s de <strong>12<br \/>\n000<\/strong> d\u00e9c\u00e8s annuels selon l\u2019Organisation mondiale de la<br \/>\nSant\u00e9. Cinq ans apr\u00e8s le diagnostic, seuls <strong>10 %<\/strong><br \/>\ndes patients sont encore en vie. Ce fardeau explique pourquoi<br \/>\nrep\u00e9rer un indice apparemment banal peut changer l\u2019histoire d\u2019une<br \/>\nprise en charge.<\/p>\n<p>Dans le miroir, un d\u00e9tail inhabituel au niveau du blanc des yeux<br \/>\npeut constituer l\u2019un des tous premiers signaux. Il survient parfois<br \/>\navant les douleurs et avant la fatigue. Rep\u00e9r\u00e9 \u00e0 temps, il oriente<br \/>\nvers un diagnostic plus pr\u00e9coce. Un d\u00e9tail qui n\u2019en est pas un.<\/p>\n<p>Yeux jaunes et bilirubine : la jaunisse, premier drapeau<br \/>\nrouge<\/p>\n<p>Ici, le signe pr\u00e9cis s\u2019appelle la <strong>jaunisse<\/strong>,<br \/>\nc\u2019est-\u00e0-dire le <strong>jaunissement du blanc de l\u2019\u0153il<\/strong>,<br \/>\npuis de la peau. Le m\u00e9canisme est simple : la tumeur obstrue le<br \/>\ncanal biliaire, la <strong>bilirubine<\/strong> s\u2019accumule dans le<br \/>\nsang, la coloration appara\u00eet d\u2019abord sur la scl\u00e8re. Anton Bilchik<br \/>\nexplique : \u00ab\u00a0de nombreuses tumeurs pancr\u00e9atiques commencent \u00e0 la<br \/>\nt\u00eate du pancr\u00e9as, qui se trouve pr\u00e8s des voies biliaires\u00a0\u00bb, cit\u00e9 par<br \/>\naufeminin. M\u00eame de petites l\u00e9sions peuvent suffire \u00e0 bloquer le<br \/>\nflux de bile.<\/p>\n<p>La cons\u00e9quence se voit parfois avant tout le reste, parce que le<br \/>\npancr\u00e9as agit en coulisses pour dig\u00e9rer et r\u00e9guler la glyc\u00e9mie. \u00ab\u00a0Il<br \/>\nest donc important de conna\u00eetre les sympt\u00f4mes de cette maladie et<br \/>\nde ne pas attendre qu\u00a0\u00bbils deviennent graves pour consulter\u00a0\u00bb, alerte<br \/>\nAnton Bilchik. Une coloration oculaire franchement jaune en lumi\u00e8re<br \/>\nnaturelle doit faire r\u00e9agir.<\/p>\n<p>Urine fonc\u00e9e, selles p\u00e2les, d\u00e9mangeaisons : agir sans<br \/>\nattendre<\/p>\n<p>Un trio de signes accompagne souvent ces <strong>yeux<br \/>\njaunes<\/strong>. D\u2019abord, une <strong>urine fonc\u00e9e<\/strong>,<br \/>\nparfois couleur th\u00e9. \u00ab\u00a0Comme la tumeur entra\u00eene une diminution de<br \/>\nl&rsquo;excr\u00e9tion de la bile et une augmentation du taux de bilirubine<br \/>\ndans le sang, l&rsquo;urine prend une couleur brune\u00a0\u00bb, selon l\u2019American<br \/>\nCancer Society, cit\u00e9e par aufeminin. Anton Bilchik insiste : \u00ab\u00a0Si<br \/>\nl&rsquo;augmentation de votre consommation d&rsquo;eau ne ram\u00e8ne pas votre<br \/>\nurine \u00e0 sa teinte jaune claire habituelle, il est temps de vous<br \/>\nfaire examiner. La jaunisse est un signe pr\u00e9coce du cancer du<br \/>\npancr\u00e9as\u00a0\u00bb.<\/p>\n<p>Deuxi\u00e8me rep\u00e8re, les <strong>selles p\u00e2les<\/strong>, claires ou<br \/>\ngrasses. Quand la bile ne s\u2019\u00e9coule plus, \u00ab\u00a0la bilirubine reste dans<br \/>\nl&rsquo;organisme au lieu d&rsquo;\u00eatre \u00e9vacu\u00e9e par les selles. Cela peut<br \/>\nmodifier la couleur et la texture de vos selles\u00a0\u00bb, explique<br \/>\nl\u2019American Cancer Society. Enfin, des<br \/>\n<strong>d\u00e9mangeaisons<\/strong> diffuses peuvent survenir, parfois<br \/>\navant le jaunissement de la peau. La combinaison de ces signaux<br \/>\ndoit acc\u00e9l\u00e9rer la consultation.<\/p>\n<p>Tous les yeux jaunes sont-ils un cancer<br \/>\ndu pancr\u00e9as ?<\/p>\n<p>Non, pas toujours. L\u2019alcoolisme, une <strong>insuffisance<br \/>\nh\u00e9patique<\/strong> ou d\u2019autres maladies du foie peuvent aussi<br \/>\nprovoquer une <strong>jaunisse<\/strong>. Mais le bon r\u00e9flexe reste<br \/>\nle m\u00eame : \u00e9valuation m\u00e9dicale rapide, surtout si la coloration<br \/>\npersiste, s\u2019accompagne d\u2019<strong>urine fonc\u00e9e<\/strong>, de<br \/>\n<strong>selles p\u00e2les<\/strong> ou de d\u00e9mangeaisons. Le contexte<br \/>\ncompte aussi : la maladie est plus fr\u00e9quente apr\u00e8s <strong>60<br \/>\nans<\/strong>, m\u00eame si elle peut toucher des adultes plus<br \/>\njeunes.<\/p>\n<p>D\u2019autres signes discrets peuvent se greffer. \u00ab\u00a0\u00c0 mesure que les<br \/>\ntumeurs pancr\u00e9atiques grossissent, elles peuvent provoquer une<br \/>\ndistension du ventre\u00a0\u00bb, assure Anton Bilchik. \u00ab\u00a0C&rsquo;est l&rsquo;un des<br \/>\npremiers signes que les gens remarquent, mais ils n&rsquo;appellent pas<br \/>\nleur m\u00e9decin parce qu&rsquo;ils pensent que ce ne sont que de simples<br \/>\nballonnements\u00a0\u00bb. La perte d\u2019app\u00e9tit, les naus\u00e9es, des maux d\u2019estomac<br \/>\nconstants en arri\u00e8re de l\u2019estomac sont rapport\u00e9s. \u00ab\u00a0Si vous ne<br \/>\npouvez pas expliquer votre r\u00e9cente et rapide perte de poids par une<br \/>\nautre raison, vous devez consulter\u00a0\u00bb, conseille le chirurgien. M\u00eame<br \/>\nalerte pour les douleurs lombaires durables : \u00ab\u00a0Si la douleur est<br \/>\nconstante (c&rsquo;est-\u00e0-dire qu&rsquo;elle ne dispara\u00eet pas \u00e0 la fin de vos<br \/>\nr\u00e8gles), il faut la faire v\u00e9rifier\u00a0\u00bb.<\/p>\n","protected":false},"excerpt":{"rendered":"Cancer du pancr\u00e9as : ce signe oculaire discret peut alerter tr\u00e8s t\u00f4t Silencieux, agressif, souvent d\u00e9couvert tard. Le&hellip;\n","protected":false},"author":2,"featured_media":642784,"comment_status":"","ping_status":"","sticky":false,"template":"","format":"standard","meta":{"footnotes":""},"categories":[10],"tags":[101,17488,154,3029,932,12219,1086,74954,1011,27,72,12189,74953,74951,6803,5055,378,74952,71,16420],"class_list":{"0":"post-642783","1":"post","2":"type-post","3":"status-publish","4":"format-standard","5":"has-post-thumbnail","7":"category-sante","8":"tag-cancer","9":"tag-ce","10":"tag-des","11":"tag-du","12":"tag-est","13":"tag-et","14":"tag-etre","15":"tag-fatal","16":"tag-fr","17":"tag-france","18":"tag-health","19":"tag-lun","20":"tag-lignorer","21":"tag-oculaire","22":"tag-pancreas","23":"tag-peut","24":"tag-plus","25":"tag-precoces","26":"tag-sante","27":"tag-symptome"},"share_on_mastodon":{"url":"https:\/\/pubeurope.com\/@fr\/115843282249375151","error":""},"_links":{"self":[{"href":"https:\/\/www.europesays.com\/fr\/wp-json\/wp\/v2\/posts\/642783","targetHints":{"allow":["GET"]}}],"collection":[{"href":"https:\/\/www.europesays.com\/fr\/wp-json\/wp\/v2\/posts"}],"about":[{"href":"https:\/\/www.europesays.com\/fr\/wp-json\/wp\/v2\/types\/post"}],"author":[{"embeddable":true,"href":"https:\/\/www.europesays.com\/fr\/wp-json\/wp\/v2\/users\/2"}],"replies":[{"embeddable":true,"href":"https:\/\/www.europesays.com\/fr\/wp-json\/wp\/v2\/comments?post=642783"}],"version-history":[{"count":0,"href":"https:\/\/www.europesays.com\/fr\/wp-json\/wp\/v2\/posts\/642783\/revisions"}],"wp:featuredmedia":[{"embeddable":true,"href":"https:\/\/www.europesays.com\/fr\/wp-json\/wp\/v2\/media\/642784"}],"wp:attachment":[{"href":"https:\/\/www.europesays.com\/fr\/wp-json\/wp\/v2\/media?parent=642783"}],"wp:term":[{"taxonomy":"category","embeddable":true,"href":"https:\/\/www.europesays.com\/fr\/wp-json\/wp\/v2\/categories?post=642783"},{"taxonomy":"post_tag","embeddable":true,"href":"https:\/\/www.europesays.com\/fr\/wp-json\/wp\/v2\/tags?post=642783"}],"curies":[{"name":"wp","href":"https:\/\/api.w.org\/{rel}","templated":true}]}}