{"id":642785,"date":"2026-01-05T15:49:11","date_gmt":"2026-01-05T15:49:11","guid":{"rendered":"https:\/\/www.europesays.com\/fr\/642785\/"},"modified":"2026-01-05T15:49:11","modified_gmt":"2026-01-05T15:49:11","slug":"gros-retour-de-hype-pour-le-survet-nike-de-nicolas-maduro","status":"publish","type":"post","link":"https:\/\/www.europesays.com\/fr\/642785\/","title":{"rendered":"Gros retour de hype pour le surv\u00eat Nike de Nicol\u00e1s Maduro"},"content":{"rendered":"<p>La mode se cache parfois dans les plis de l\u2019actualit\u00e9. La photo de <a href=\"https:\/\/www.20minutes.fr\/dossier\/nicolas_maduro\" class=\"c-link c-link--is-underlined\" target=\"_blank\" rel=\"noopener\">Nicol\u00e1s Maduro<\/a>, arr\u00eat\u00e9 par les forces am\u00e9ricaines, menott\u00e9 et transf\u00e9r\u00e9 aux Etats-Unis, a marqu\u00e9 l\u2019actualit\u00e9 internationale de ce d\u00e9but\u00a02026. Mais pas seulement. <a href=\"https:\/\/www.mariefrance.fr\/mode\/nike-tech-fleece-pourquoi-le-survetement-porte-par-nicolas-maduro-est-devenu-si-populaire-1233405.html\" target=\"_blank\" class=\"c-link c-link--is-underlined\" rel=\"noopener\">Marie France<\/a> rapporte les nombreuses r\u00e9actions qu\u2019a entra\u00een\u00e9es cette photo publi\u00e9e par Donald Trump, sur les r\u00e9seaux sociaux\u2026 Ou plut\u00f4t le surv\u00eatement port\u00e9 par le pr\u00e9sident du Venezuela.<\/p>\n<\/p>\n<p>L\u2019image de Maduro en Nike Tech Fleece a d\u00e9clench\u00e9 une vague de m\u00e8mes et de recherches Google, popularisant le coloris surnomm\u00e9 \u00ab\u00a0The Maduro Grey\u00a0\u00bb. \u00ab\u00a0The Maduro Fit\u00a0\u00bb est devenu viral sur le moteur de recherche.<\/p>\n<p><\/p>\n<p class=\"mb-m@xs text-l@xs\">En cliquant sur\u00ab J\u2019accepte \u00bb, vous acceptez le d\u00e9p\u00f4t de cookies par des services externes et aurez ainsi acc\u00e8s aux contenus de nos partenaires.<\/p>\n<p class=\"mb-xl@xs text-s@xs\">Plus d\u2019informations sur la page<a href=\"https:\/\/www.20minutes.fr\/gestion-cookies\" class=\"mx-xxs@xs color-ultramarine\" target=\"_blank\" rel=\"noopener\">Politique de gestion des cookies<\/a><\/p>\n<p>J\u2019accepte<\/p>\n<p>Sur les r\u00e9seaux, nombreux sont ceux qui d\u00e9tournent l\u2019actualit\u00e9 avec humour, quand, par exemple, \u00ab\u00a0le placement de produit devient compl\u00e8tement fou\u00a0\u00bb. Ou encore ceux qui \u00e9voquent le \u00ab\u00a0financement de cette campagne par Nike\u00a0\u00bb.<\/p>\n<p>De l\u2019ironie, \u00e9videmment, m\u00eame si les cons\u00e9quences sont r\u00e9elles. Depuis la publication de la photo, la veste est indisponible dans la quasi-totalit\u00e9 des grandes tailles, du M au 4XL, \u00e9voque le site <a href=\"https:\/\/hypebeast.com\/2026\/1\/nike-tech-fleece-sold-out-after-venezuela-president-nicolas-maduro-arrest\" target=\"_blank\" class=\"c-link c-link--is-underlined\" rel=\"noopener\">Hypebeast<\/a>. Tout est d\u00e9cid\u00e9ment affaire de business aux Etats-Unis\u2026<\/p>\n","protected":false},"excerpt":{"rendered":"La mode se cache parfois dans les plis de l\u2019actualit\u00e9. La photo de Nicol\u00e1s Maduro, arr\u00eat\u00e9 par les&hellip;\n","protected":false},"author":2,"featured_media":642786,"comment_status":"","ping_status":"","sticky":false,"template":"","format":"standard","meta":{"footnotes":""},"categories":[9],"tags":[58,75,73,1011,27,338,14460,60,896,337],"class_list":{"0":"post-642785","1":"post","2":"type-post","3":"status-publish","4":"format-standard","5":"has-post-thumbnail","7":"category-sports","8":"tag-divertissement","9":"tag-donald-trump","10":"tag-etats-unis","11":"tag-fr","12":"tag-france","13":"tag-nicolas-maduro","14":"tag-nike","15":"tag-sports","16":"tag-tas-vu","17":"tag-venezuela"},"share_on_mastodon":{"url":"https:\/\/pubeurope.com\/@fr\/115843285932265971","error":""},"_links":{"self":[{"href":"https:\/\/www.europesays.com\/fr\/wp-json\/wp\/v2\/posts\/642785","targetHints":{"allow":["GET"]}}],"collection":[{"href":"https:\/\/www.europesays.com\/fr\/wp-json\/wp\/v2\/posts"}],"about":[{"href":"https:\/\/www.europesays.com\/fr\/wp-json\/wp\/v2\/types\/post"}],"author":[{"embeddable":true,"href":"https:\/\/www.europesays.com\/fr\/wp-json\/wp\/v2\/users\/2"}],"replies":[{"embeddable":true,"href":"https:\/\/www.europesays.com\/fr\/wp-json\/wp\/v2\/comments?post=642785"}],"version-history":[{"count":0,"href":"https:\/\/www.europesays.com\/fr\/wp-json\/wp\/v2\/posts\/642785\/revisions"}],"wp:featuredmedia":[{"embeddable":true,"href":"https:\/\/www.europesays.com\/fr\/wp-json\/wp\/v2\/media\/642786"}],"wp:attachment":[{"href":"https:\/\/www.europesays.com\/fr\/wp-json\/wp\/v2\/media?parent=642785"}],"wp:term":[{"taxonomy":"category","embeddable":true,"href":"https:\/\/www.europesays.com\/fr\/wp-json\/wp\/v2\/categories?post=642785"},{"taxonomy":"post_tag","embeddable":true,"href":"https:\/\/www.europesays.com\/fr\/wp-json\/wp\/v2\/tags?post=642785"}],"curies":[{"name":"wp","href":"https:\/\/api.w.org\/{rel}","templated":true}]}}