{"id":642791,"date":"2026-01-05T15:52:10","date_gmt":"2026-01-05T15:52:10","guid":{"rendered":"https:\/\/www.europesays.com\/fr\/642791\/"},"modified":"2026-01-05T15:52:10","modified_gmt":"2026-01-05T15:52:10","slug":"lautorisation-accordee-a-lenseigne-hema-attise-la-colere-des-restaurateurs","status":"publish","type":"post","link":"https:\/\/www.europesays.com\/fr\/642791\/","title":{"rendered":"L\u2019autorisation accord\u00e9e \u00e0 l\u2019enseigne Hema attise la col\u00e8re des restaurateurs"},"content":{"rendered":"<p>Une bougie, un carnet et un paquet de confiseries. Voil\u00e0 le panier de certains consommateurs chez Hema, une enseigne d\u2019articles pour la maison. D\u00e9sormais, les clients pourront r\u00e9gler leur paquet de confiseries avec leurs <a href=\"https:\/\/www.20minutes.fr\/economie\/4178573-20251010-tickets-restaurant-retires-salaries-teletravail-cour-cassation-vient-trancher\" class=\"c-link c-link--is-underlined\" target=\"_blank\" rel=\"noopener\">titres-restaurant,<\/a> ce qui <a href=\"https:\/\/www.20minutes.fr\/economie\/4123138-20241125-profitent-vraiment-cheques-dejeuners\" class=\"c-link c-link--is-underlined\" target=\"_blank\" rel=\"noopener\">inqui\u00e8te la premi\u00e8re organisation patronale<\/a> de l\u2019h\u00f4tellerie-restauration.<\/p>\n<\/p>\n<p>L\u2019Umih a \u00e9crit au ministre du Commerce Serge Papin pour l&rsquo;\u00ab\u00a0alerter\u00a0\u00bb de<a href=\"https:\/\/www.20minutes.fr\/vie-pro\/4137909-20250304-tout-comprendre-utilisation-titres-restaurant\" class=\"c-link c-link--is-underlined\" target=\"_blank\" rel=\"noopener\"> l\u2019agr\u00e9ment titres-restaurant<\/a> re\u00e7u par l\u2019enseigne de d\u00e9coration Hema, \u00ab\u00a0au titre d\u2019une offre alimentaire compos\u00e9e quasi exclusivement de produits de grignotage et de confiserie\u00a0\u00bb. Pour le syndicat, \u00ab\u00a0cette d\u00e9cision nous appara\u00eet embl\u00e9matique des d\u00e9rives permises par la prolongation de l\u2019extension des titres-restaurant \u00e0 l\u2019ensemble des produits alimentaires, extension dont les effets sont aujourd\u2019hui particuli\u00e8rement pr\u00e9judiciables au secteur de la restauration\u00a0\u00bb.<\/p>\n<p>Une d\u00e9cision qui ouvre \u00ab\u00a0une bo\u00eete de Pandore\u00a0\u00bb<\/p>\n<p>Dans ce courrier dat\u00e9 du 24\u00a0d\u00e9cembre et transmis lundi \u00e0 l\u2019AFP, l\u2019Umih pointe le fait que cette d\u00e9cision ouvre \u00ab\u00a0une bo\u00eete de Pandore, puisque d\u00e9sormais il suffira \u00e0 une cha\u00eene de magasins de sport de commercialiser des barres \u00e9nerg\u00e9tiques et des bouteilles d\u2019eau et \u00e0 des magasins de pr\u00eat-\u00e0-porter, quelques snacks ou friandises pour \u00eatre \u00e9ligibles au dispositif des titres-restaurant\u00a0\u00bb.<\/p>\n<p>Ce moyen de paiement est utilis\u00e9 aujourd\u2019hui par plus de cinq millions de salari\u00e9s pour r\u00e9gler des repas et des courses alimentaires chez quelque 244.000 commer\u00e7ants.<\/p>\n<p>L\u2019Umih milite pour un double plafond de d\u00e9penses<\/p>\n<p>Le gouvernement souhaite p\u00e9renniser la possibilit\u00e9 d\u2019utiliser les titres-restaurant pour payer ses courses alimentaires en supermarch\u00e9, qui court jusqu\u2019\u00e0 fin\u00a02026, via une r\u00e9forme du secteur qui devrait \u00eatre discut\u00e9e cette ann\u00e9e au Parlement.<\/p>\n<p>L\u2019Umih pr\u00f4ne l\u2019instauration d\u2019un double plafond de d\u00e9penses, plus \u00e9lev\u00e9 dans la restauration que dans la distribution.<\/p>\n","protected":false},"excerpt":{"rendered":"Une bougie, un carnet et un paquet de confiseries. Voil\u00e0 le panier de certains consommateurs chez Hema, une&hellip;\n","protected":false},"author":2,"featured_media":642792,"comment_status":"","ping_status":"","sticky":false,"template":"","format":"standard","meta":{"footnotes":""},"categories":[6],"tags":[47,258,35,215,6409,33,34,1011,27,2922,1340,2021],"class_list":{"0":"post-642791","1":"post","2":"type-post","3":"status-publish","4":"format-standard","5":"has-post-thumbnail","7":"category-economie","8":"tag-actualite","9":"tag-alimentation","10":"tag-business","11":"tag-commerce","12":"tag-consommateurs","13":"tag-economie","14":"tag-economy","15":"tag-fr","16":"tag-france","17":"tag-pouvoir-dachat","18":"tag-restaurant","19":"tag-restauration"},"share_on_mastodon":{"url":"https:\/\/pubeurope.com\/@fr\/115843297729204870","error":""},"_links":{"self":[{"href":"https:\/\/www.europesays.com\/fr\/wp-json\/wp\/v2\/posts\/642791","targetHints":{"allow":["GET"]}}],"collection":[{"href":"https:\/\/www.europesays.com\/fr\/wp-json\/wp\/v2\/posts"}],"about":[{"href":"https:\/\/www.europesays.com\/fr\/wp-json\/wp\/v2\/types\/post"}],"author":[{"embeddable":true,"href":"https:\/\/www.europesays.com\/fr\/wp-json\/wp\/v2\/users\/2"}],"replies":[{"embeddable":true,"href":"https:\/\/www.europesays.com\/fr\/wp-json\/wp\/v2\/comments?post=642791"}],"version-history":[{"count":0,"href":"https:\/\/www.europesays.com\/fr\/wp-json\/wp\/v2\/posts\/642791\/revisions"}],"wp:featuredmedia":[{"embeddable":true,"href":"https:\/\/www.europesays.com\/fr\/wp-json\/wp\/v2\/media\/642792"}],"wp:attachment":[{"href":"https:\/\/www.europesays.com\/fr\/wp-json\/wp\/v2\/media?parent=642791"}],"wp:term":[{"taxonomy":"category","embeddable":true,"href":"https:\/\/www.europesays.com\/fr\/wp-json\/wp\/v2\/categories?post=642791"},{"taxonomy":"post_tag","embeddable":true,"href":"https:\/\/www.europesays.com\/fr\/wp-json\/wp\/v2\/tags?post=642791"}],"curies":[{"name":"wp","href":"https:\/\/api.w.org\/{rel}","templated":true}]}}