{"id":642793,"date":"2026-01-05T15:53:10","date_gmt":"2026-01-05T15:53:10","guid":{"rendered":"https:\/\/www.europesays.com\/fr\/642793\/"},"modified":"2026-01-05T15:53:10","modified_gmt":"2026-01-05T15:53:10","slug":"tensions-entre-europeens-sur-laide-militaire-apportee-a-kiev","status":"publish","type":"post","link":"https:\/\/www.europesays.com\/fr\/642793\/","title":{"rendered":"tensions entre Europ\u00e9ens sur l\u2019aide militaire apport\u00e9e \u00e0 Kiev"},"content":{"rendered":"<p>\n    <strong>D\u00c9CRYPTAGE <\/strong>&#8211; Les pays nordiques et les Baltes reprochent \u00e0 la France et \u00e0 l\u2019Allemagne de ne pas en faire assez, proportionnellement \u00e0 leur taille. L\u2019Europe seule ne parvient pas \u00e0 compenser le retrait du soutien am\u00e9ricain.<\/p>\n<p class=\"fig-paragraph\">La d\u00e9cision n\u2019a pas \u00e9t\u00e9 suffisamment salu\u00e9e malgr\u00e9 sa port\u00e9e. Dans la nuit du 18 au 19\u00a0d\u00e9cembre, les membres de l\u2019Union europ\u00e9enne ont, en quelques heures, trouv\u00e9 un\u00a0<a href=\"http:\/\/www.lefigaro.fr\/international\/faute-d-accord-sur-les-avoirs-russes-geles-l-europe-va-emettre-une-dette-commune-pour-soutenir-l-ukraine-20251219\" data-fig-type=\"Article\" data-gtm-custom-categorie=\"navigation\" data-gtm-custom-action=\"crossclick\" data-gtm-custom-label=\"Contextuel\" data-gtm-event=\"customEventSPE\" data-fig-domain=\"LEFIGARO\" target=\"_blank\" rel=\"noopener\">accord pour fournir 90\u00a0milliards d\u2019euros d\u2019aide \u00e0 l\u2019Ukraine<\/a>\u00a0sur les deux prochaines ann\u00e9es, en empruntant sur les march\u00e9s. Cela devrait permettre de couvrir les deux tiers de ses besoins civils et militaires &#8211; que la guerre se poursuive ou non -, le reste devant provenir d\u2019autres donateurs (Royaume-Uni, Norv\u00e8ge, Canada, Japon\u2026). La derni\u00e8re fois que les Vingt-Sept avaient d\u00e9cid\u00e9 de lever une dette commune face \u00e0 une crise,\u00a0<a href=\"http:\/\/www.lefigaro.fr\/sciences\/dossier\/cinquieme-vague-ou-en-est-on-de-l-epidemie-de-covid-19\" data-fig-type=\"Topic\" data-gtm-custom-categorie=\"navigation\" data-gtm-custom-action=\"crossclick\" data-gtm-custom-label=\"Contextuel\" data-gtm-event=\"customEventSPE\" data-fig-domain=\"LEFIGARO\" target=\"_blank\" rel=\"noopener\">celle du Covid<\/a>, en 2020, il avait fallu des mois de tractations et un sommet extraordinaire de cinq jours pour y parvenir.\u00a0Par ailleurs, le format de la \u00ab\u00a0<a href=\"http:\/\/www.lefigaro.fr\/international\/guerre-en-ukraine-la-coalition-des-volontaires-prepare-le-jour-d-apres-20251126\" data-fig-type=\"Article\" data-gtm-custom-categorie=\"navigation\" data-gtm-custom-action=\"crossclick\" data-gtm-custom-label=\"Contextuel\" data-gtm-event=\"customEventSPE\" data-fig-domain=\"LEFIGARO\" target=\"_blank\" rel=\"noopener\">coalition des volontaires<\/a>\u00a0\u00bb, qui se r\u00e9unit ce mardi \u00e0 Paris, d\u00e9montre une flexibilit\u00e9 op\u00e9rationnelle par rapport \u00e0 la rigidit\u00e9 des institutions europ\u00e9ennes.<\/p>\n<p class=\"fig-paragraph\">Pourtant, on a surtout retenu du dernier sommet l\u2019\u00e9chec des Vingt-Sept \u00e0 trouver un accord sur\u2026<\/p>\n<p class=\"fig-premium-paywall__infos\">\n        Cet article est r\u00e9serv\u00e9 aux abonn\u00e9s.        Il vous reste 86% \u00e0 d\u00e9couvrir.\n    <\/p>\n<p>                <img  data- alt=\"Le Figaro\" class=\"fig-img--complete fig-img\"\/><\/p>\n<p class=\"fig-premium-paywall__title\">Vous avez envie de lire la suite ?<\/p>\n<p class=\"fig-premium-paywall__subtitle\">D\u00e9bloquez tous les articles imm\u00e9diatement.<\/p>\n<p class=\"fig-premium-paywall__connect\">\n                D\u00e9j\u00e0 abonn\u00e9\u00a0?                <a class=\"fig-premium-paywall__connect-link\" href=\"https:\/\/connect.lefigaro.fr\/login?client=horizon_web&amp;type=main&amp;redirect_uri=https%3A%2F%2Fwww.lefigaro.fr%2Finternational%2Fguerre-en-ukraine-tensions-entre-europeens-sur-l-aide-militaire-apportee-a-kiev-20260105\" data-js-gtm=\"{&quot;customCategorie&quot;: &quot;conversion&quot;, &quot;customAction&quot;: &quot;before_Landing_Connexion_paywall_auto&quot;, &quot;customLabel&quot;: &quot;bGVmaWdhcm8uZnJfXzFmMGU3YzI2LWMzMDgtNjg4ZS05ZjRmLTNiMmU1NTBlZWYwM19fQXJ0aWNsZQ==_Guerre en Ukraine\u00a0: tensions entre Europ\u00e9ens sur l\u2019aide militaire apport\u00e9e \u00e0 Kiev_91&quot;, &quot;customIDSPE&quot;: &quot;bGVmaWdhcm8uZnJfXzFmMGU3YzI2LWMzMDgtNjg4ZS05ZjRmLTNiMmU1NTBlZWYwM19fQXJ0aWNsZQ==&quot;, &quot;event&quot;: &quot;customEventSPE&quot;}\" target=\"_blank\" rel=\"noopener\"><br \/>\n                    Connectez-vous<br \/>\n                <\/a>\n            <\/p>\n","protected":false},"excerpt":{"rendered":"D\u00c9CRYPTAGE &#8211; Les pays nordiques et les Baltes reprochent \u00e0 la France et \u00e0 l\u2019Allemagne de ne pas&hellip;\n","protected":false},"author":2,"featured_media":642794,"comment_status":"","ping_status":"","sticky":false,"template":"","format":"standard","meta":{"footnotes":""},"categories":[5],"tags":[11,1011,27,131,14,12,28],"class_list":{"0":"post-642793","1":"post","2":"type-post","3":"status-publish","4":"format-standard","5":"has-post-thumbnail","7":"category-international","8":"tag-actualites","9":"tag-fr","10":"tag-france","11":"tag-guerre-en-ukraine","12":"tag-international","13":"tag-news","14":"tag-world"},"share_on_mastodon":{"url":"https:\/\/pubeurope.com\/@fr\/115843301658130569","error":""},"_links":{"self":[{"href":"https:\/\/www.europesays.com\/fr\/wp-json\/wp\/v2\/posts\/642793","targetHints":{"allow":["GET"]}}],"collection":[{"href":"https:\/\/www.europesays.com\/fr\/wp-json\/wp\/v2\/posts"}],"about":[{"href":"https:\/\/www.europesays.com\/fr\/wp-json\/wp\/v2\/types\/post"}],"author":[{"embeddable":true,"href":"https:\/\/www.europesays.com\/fr\/wp-json\/wp\/v2\/users\/2"}],"replies":[{"embeddable":true,"href":"https:\/\/www.europesays.com\/fr\/wp-json\/wp\/v2\/comments?post=642793"}],"version-history":[{"count":0,"href":"https:\/\/www.europesays.com\/fr\/wp-json\/wp\/v2\/posts\/642793\/revisions"}],"wp:featuredmedia":[{"embeddable":true,"href":"https:\/\/www.europesays.com\/fr\/wp-json\/wp\/v2\/media\/642794"}],"wp:attachment":[{"href":"https:\/\/www.europesays.com\/fr\/wp-json\/wp\/v2\/media?parent=642793"}],"wp:term":[{"taxonomy":"category","embeddable":true,"href":"https:\/\/www.europesays.com\/fr\/wp-json\/wp\/v2\/categories?post=642793"},{"taxonomy":"post_tag","embeddable":true,"href":"https:\/\/www.europesays.com\/fr\/wp-json\/wp\/v2\/tags?post=642793"}],"curies":[{"name":"wp","href":"https:\/\/api.w.org\/{rel}","templated":true}]}}