{"id":642810,"date":"2026-01-05T16:03:15","date_gmt":"2026-01-05T16:03:15","guid":{"rendered":"https:\/\/www.europesays.com\/fr\/642810\/"},"modified":"2026-01-05T16:03:15","modified_gmt":"2026-01-05T16:03:15","slug":"un-joueur-bulgare-vient-renforcer-leffectif-de-montpellier-pour-la-suite-de-la-saison","status":"publish","type":"post","link":"https:\/\/www.europesays.com\/fr\/642810\/","title":{"rendered":"Un joueur bulgare vient renforcer l\u2019effectif de Montpellier pour la suite de la saison"},"content":{"rendered":"<p>\n                                                                Nicolay Kartev (30 ans) arrive au MHSC VB en provenance de Gr\u00e8ce et \u00e9volue au poste de central.\n                            <\/p>\n<p>Le MHSC VB tient enfin son troisi\u00e8me joueur au poste de central. Alors que le club h\u00e9raultais avait anticip\u00e9 l\u2019absence longue dur\u00e9e de Nicolas Le Goff, op\u00e9r\u00e9 de l\u2019\u00e9paule et annonce de retour en mars, par le recrutement, l\u2019\u00e9t\u00e9 dernier, du Canadien Jordan Schnitzer, celui-ci n\u2019a jamais pu porter le maillot de Montpellier. Bless\u00e9 au genou, le Nord-Am\u00e9ricain a mis un terme \u00e0 son contrat en fin d\u2019ann\u00e9e 2025 d\u2019un commun accord avec le MHSC VB.<\/p>\n<p>D\u00e9j\u00e0 une exp\u00e9rience en France<\/p>\n<p>Les dirigeants montpelli\u00e9rains ont attendu l\u2019ouverture de la p\u00e9riode hivernale des transferts\u00a0pour le remplacer. Ils ont jet\u00e9 leur d\u00e9volu sur Nicolay Kartev (30 ans, 2,04m). Le Bulgare \u00e9voluait jusqu\u2019ici en Gr\u00e8ce, au Paok Thessalonique apr\u00e8s une exp\u00e9rience en Turquie puis en R\u00e9publique tch\u00e8que. Lors de la saison 2022-2023, il a jou\u00e9 aux Spacer\u2019s Toulouse, sa premi\u00e8re exp\u00e9rience loin de son pays natal.<\/p>\n<p>En attendant le retour du double champion olympique, Nicolay Kartev arrive pour faire la paire avec l\u2019international fran\u00e7ais, m\u00e9daill\u00e9 d\u2019or olympique \u00e0 Paris, Quentin Jouffroy. S\u2019il est d\u00e9j\u00e0 arriv\u00e9 \u00e0 Montpellier, il ne pourra pas jouer contre Varsovie, mercredi (20h30) en Ligue des champions mais devrait \u00eatre du voyage \u00e0 Tours en championnat, samedi.<\/p>\n","protected":false},"excerpt":{"rendered":"Nicolay Kartev (30 ans) arrive au MHSC VB en provenance de Gr\u00e8ce et \u00e9volue au poste de central.&hellip;\n","protected":false},"author":2,"featured_media":642811,"comment_status":"","ping_status":"","sticky":false,"template":"","format":"standard","meta":{"footnotes":""},"categories":[9599],"tags":[1111,11,1777,674,1011,27,7089,2208,12,2680,25,517,1632],"class_list":{"0":"post-642810","1":"post","2":"type-post","3":"status-publish","4":"format-standard","5":"has-post-thumbnail","7":"category-montpellier","8":"tag-actu","9":"tag-actualites","10":"tag-eu","11":"tag-europe","12":"tag-fr","13":"tag-france","14":"tag-herault","15":"tag-montpellier","16":"tag-news","17":"tag-occitanie","18":"tag-republique-francaise","19":"tag-sport","20":"tag-volley-ball"},"share_on_mastodon":{"url":"https:\/\/pubeurope.com\/@fr\/115843340917697747","error":""},"_links":{"self":[{"href":"https:\/\/www.europesays.com\/fr\/wp-json\/wp\/v2\/posts\/642810","targetHints":{"allow":["GET"]}}],"collection":[{"href":"https:\/\/www.europesays.com\/fr\/wp-json\/wp\/v2\/posts"}],"about":[{"href":"https:\/\/www.europesays.com\/fr\/wp-json\/wp\/v2\/types\/post"}],"author":[{"embeddable":true,"href":"https:\/\/www.europesays.com\/fr\/wp-json\/wp\/v2\/users\/2"}],"replies":[{"embeddable":true,"href":"https:\/\/www.europesays.com\/fr\/wp-json\/wp\/v2\/comments?post=642810"}],"version-history":[{"count":0,"href":"https:\/\/www.europesays.com\/fr\/wp-json\/wp\/v2\/posts\/642810\/revisions"}],"wp:featuredmedia":[{"embeddable":true,"href":"https:\/\/www.europesays.com\/fr\/wp-json\/wp\/v2\/media\/642811"}],"wp:attachment":[{"href":"https:\/\/www.europesays.com\/fr\/wp-json\/wp\/v2\/media?parent=642810"}],"wp:term":[{"taxonomy":"category","embeddable":true,"href":"https:\/\/www.europesays.com\/fr\/wp-json\/wp\/v2\/categories?post=642810"},{"taxonomy":"post_tag","embeddable":true,"href":"https:\/\/www.europesays.com\/fr\/wp-json\/wp\/v2\/tags?post=642810"}],"curies":[{"name":"wp","href":"https:\/\/api.w.org\/{rel}","templated":true}]}}