{"id":642812,"date":"2026-01-05T16:04:10","date_gmt":"2026-01-05T16:04:10","guid":{"rendered":"https:\/\/www.europesays.com\/fr\/642812\/"},"modified":"2026-01-05T16:04:10","modified_gmt":"2026-01-05T16:04:10","slug":"pres-de-rouen-alcoolise-au-volant-il-percute-une-autre-voiture-et-termine-la-nuit-au-poste","status":"publish","type":"post","link":"https:\/\/www.europesays.com\/fr\/642812\/","title":{"rendered":"Pr\u00e8s de Rouen. Alcoolis\u00e9 au volant, il percute une autre voiture et termine la nuit au poste"},"content":{"rendered":"<p melodystyle=\"texte\">Un accident entre deux v\u00e9hicules a eu lieu vendredi 2\u00a0janvier dans la soir\u00e9e, les forces de l&rsquo;ordre sont intervenues.<\/p>\n<p>Un homme alcoolis\u00e9<\/p>\n<p melodystyle=\"texte\">Aux alentours de 22h40, deux v\u00e9hicules sont entr\u00e9s en collision avenue Ambroise Croizat \u00e0 Saint-Etienne-du-Rouvray. La conductrice euroise \u00e2g\u00e9e de 22 ans a t\u00e9l\u00e9phon\u00e9 aux forces de l&rsquo;ordre car l&rsquo;autre automobiliste, un Sottevillais de 51 ans, paraissait alcoolis\u00e9.<\/p>\n<p melodystyle=\"texte\">Une fois sur place, le contr\u00f4le a r\u00e9v\u00e9l\u00e9 un taux d&rsquo;alcool \u00e0 0,92mg par litre d&rsquo;air expir\u00e9. L&rsquo;homme a \u00e9t\u00e9 conduit au poste, son permis retenu et sa voiture plac\u00e9e en fourri\u00e8re. L&rsquo;accident n&rsquo;a pas fait de victime.<\/p>\n","protected":false},"excerpt":{"rendered":"Un accident entre deux v\u00e9hicules a eu lieu vendredi 2\u00a0janvier dans la soir\u00e9e, les forces de l&rsquo;ordre sont&hellip;\n","protected":false},"author":2,"featured_media":642813,"comment_status":"","ping_status":"","sticky":false,"template":"","format":"standard","meta":{"footnotes":""},"categories":[9587],"tags":[1111,11,1777,674,1011,27,12,5161,25,9590],"class_list":{"0":"post-642812","1":"post","2":"type-post","3":"status-publish","4":"format-standard","5":"has-post-thumbnail","7":"category-rouen","8":"tag-actu","9":"tag-actualites","10":"tag-eu","11":"tag-europe","12":"tag-fr","13":"tag-france","14":"tag-news","15":"tag-normandie","16":"tag-republique-francaise","17":"tag-rouen"},"share_on_mastodon":{"url":"https:\/\/pubeurope.com\/@fr\/115843344834677359","error":""},"_links":{"self":[{"href":"https:\/\/www.europesays.com\/fr\/wp-json\/wp\/v2\/posts\/642812","targetHints":{"allow":["GET"]}}],"collection":[{"href":"https:\/\/www.europesays.com\/fr\/wp-json\/wp\/v2\/posts"}],"about":[{"href":"https:\/\/www.europesays.com\/fr\/wp-json\/wp\/v2\/types\/post"}],"author":[{"embeddable":true,"href":"https:\/\/www.europesays.com\/fr\/wp-json\/wp\/v2\/users\/2"}],"replies":[{"embeddable":true,"href":"https:\/\/www.europesays.com\/fr\/wp-json\/wp\/v2\/comments?post=642812"}],"version-history":[{"count":0,"href":"https:\/\/www.europesays.com\/fr\/wp-json\/wp\/v2\/posts\/642812\/revisions"}],"wp:featuredmedia":[{"embeddable":true,"href":"https:\/\/www.europesays.com\/fr\/wp-json\/wp\/v2\/media\/642813"}],"wp:attachment":[{"href":"https:\/\/www.europesays.com\/fr\/wp-json\/wp\/v2\/media?parent=642812"}],"wp:term":[{"taxonomy":"category","embeddable":true,"href":"https:\/\/www.europesays.com\/fr\/wp-json\/wp\/v2\/categories?post=642812"},{"taxonomy":"post_tag","embeddable":true,"href":"https:\/\/www.europesays.com\/fr\/wp-json\/wp\/v2\/tags?post=642812"}],"curies":[{"name":"wp","href":"https:\/\/api.w.org\/{rel}","templated":true}]}}