{"id":642814,"date":"2026-01-05T16:05:32","date_gmt":"2026-01-05T16:05:32","guid":{"rendered":"https:\/\/www.europesays.com\/fr\/642814\/"},"modified":"2026-01-05T16:05:32","modified_gmt":"2026-01-05T16:05:32","slug":"rouen-innovmeet-2026-se-tiendra-le-21-janvier","status":"publish","type":"post","link":"https:\/\/www.europesays.com\/fr\/642814\/","title":{"rendered":"Rouen : Innov\u2019Meet 2026 se tiendra le 21 janvier"},"content":{"rendered":"<p>Le mercredi 21 janvier 2026, la M\u00e9tropole Rouen Normandie accueillera la troisi\u00e8me \u00e9dition d\u2019Innov\u2019Meet, \u00e9v\u00e9nement consacr\u00e9 \u00e0 l\u2019innovation sous toutes ses formes. Organis\u00e9 de 8h30 \u00e0 13h, \u00e0 Now Coworking, cet \u00e9v\u00e9nement s\u2019adresse aux dirigeants, \u00e9lus et porteurs de projets du territoire. Il sera ouvert par Abdelkrim Marchani, vice-pr\u00e9sident en charge du d\u00e9veloppement \u00e9conomique de la M\u00e9tropole de Rouen.\u00a0<\/p>\n<p>Une table ronde autour de quatre th\u00e9matiques cl\u00e9s<\/p>\n<p>D\u00e8s 9h20, une table ronde anim\u00e9e par Marianne Sytchkov r\u00e9unira plusieurs dirigeants pour partager leurs retours d\u2019exp\u00e9rience. Quatre axes structureront les \u00e9changes : l\u2019innovation dans l\u2019industrie, l\u2019entrepreneuriat \u00e9tudiant, la reprise d\u2019entreprise et l\u2019\u00e9conomie sociale et solidaire (ESS).<br \/>&#13;<br \/>\nInterviendront notamment Samuel Cutullic, Apollinaire Composites et Technologies, Marine Cor\u00e9 Baillais, La P\u00e2tisserie Num\u00e9rique, Estelle Courtot, Elsens, ainsi qu\u2019Allan Richard et Olivier Jacques, Archipel.<\/p>\n<p>\u00c0 10h20, des workshops interactifs permettront aux participants d\u2019\u00e9changer directement avec des entrepreneurs innovants et les structures de l\u2019\u00e9cosyst\u00e8me rouennais. La matin\u00e9e se conclura \u00e0 11h20 par un speed meeting, con\u00e7u pour faciliter les \u00e9changes, identifier des opportunit\u00e9s concr\u00e8tes et d\u00e9velopper les r\u00e9seaux professionnels.<\/p>\n","protected":false},"excerpt":{"rendered":"Le mercredi 21 janvier 2026, la M\u00e9tropole Rouen Normandie accueillera la troisi\u00e8me \u00e9dition d\u2019Innov\u2019Meet, \u00e9v\u00e9nement consacr\u00e9 \u00e0 l\u2019innovation&hellip;\n","protected":false},"author":2,"featured_media":642815,"comment_status":"","ping_status":"","sticky":false,"template":"","format":"standard","meta":{"footnotes":""},"categories":[9587],"tags":[1111,11,1777,674,1011,27,12,5161,25,9590],"class_list":{"0":"post-642814","1":"post","2":"type-post","3":"status-publish","4":"format-standard","5":"has-post-thumbnail","7":"category-rouen","8":"tag-actu","9":"tag-actualites","10":"tag-eu","11":"tag-europe","12":"tag-fr","13":"tag-france","14":"tag-news","15":"tag-normandie","16":"tag-republique-francaise","17":"tag-rouen"},"share_on_mastodon":{"url":"https:\/\/pubeurope.com\/@fr\/115843348865900636","error":""},"_links":{"self":[{"href":"https:\/\/www.europesays.com\/fr\/wp-json\/wp\/v2\/posts\/642814","targetHints":{"allow":["GET"]}}],"collection":[{"href":"https:\/\/www.europesays.com\/fr\/wp-json\/wp\/v2\/posts"}],"about":[{"href":"https:\/\/www.europesays.com\/fr\/wp-json\/wp\/v2\/types\/post"}],"author":[{"embeddable":true,"href":"https:\/\/www.europesays.com\/fr\/wp-json\/wp\/v2\/users\/2"}],"replies":[{"embeddable":true,"href":"https:\/\/www.europesays.com\/fr\/wp-json\/wp\/v2\/comments?post=642814"}],"version-history":[{"count":0,"href":"https:\/\/www.europesays.com\/fr\/wp-json\/wp\/v2\/posts\/642814\/revisions"}],"wp:featuredmedia":[{"embeddable":true,"href":"https:\/\/www.europesays.com\/fr\/wp-json\/wp\/v2\/media\/642815"}],"wp:attachment":[{"href":"https:\/\/www.europesays.com\/fr\/wp-json\/wp\/v2\/media?parent=642814"}],"wp:term":[{"taxonomy":"category","embeddable":true,"href":"https:\/\/www.europesays.com\/fr\/wp-json\/wp\/v2\/categories?post=642814"},{"taxonomy":"post_tag","embeddable":true,"href":"https:\/\/www.europesays.com\/fr\/wp-json\/wp\/v2\/tags?post=642814"}],"curies":[{"name":"wp","href":"https:\/\/api.w.org\/{rel}","templated":true}]}}