{"id":642816,"date":"2026-01-05T16:06:09","date_gmt":"2026-01-05T16:06:09","guid":{"rendered":"https:\/\/www.europesays.com\/fr\/642816\/"},"modified":"2026-01-05T16:06:09","modified_gmt":"2026-01-05T16:06:09","slug":"meteo-france-annonce-de-la-neige-a-grenoble-et-en-isere-a-quoi-sattendre","status":"publish","type":"post","link":"https:\/\/www.europesays.com\/fr\/642816\/","title":{"rendered":"M\u00e9t\u00e9o-France annonce de la neige \u00e0 Grenoble et en Is\u00e8re : \u00e0 quoi s&rsquo;attendre"},"content":{"rendered":"<p>                    Par<br \/>\n        <strong><br \/>\n            <a href=\"https:\/\/actu.fr\/auteur\/redaction-grenoble\" title=\"Consulter tous les articles de R\u00e9daction Grenoble\" target=\"_blank\" rel=\"noopener\">R\u00e9daction Grenoble<\/a><br \/>\n                    <\/strong><\/p>\n<p>        Publi\u00e9 le<\/p>\n<p>            5 janv. 2026 \u00e0 15h24        <\/p>\n<p>La <strong>neige<\/strong> va-t-elle faire son grand retour \u00e0 <a href=\"https:\/\/actu.fr\/auvergne-rhone-alpes\/grenoble_38185\" target=\"_blank\" rel=\"noopener\">Grenoble<\/a>\u2009? Alors qu\u2019une<a href=\"https:\/\/actu.fr\/auvergne-rhone-alpes\/grenoble_38185\/meteo-une-ambiance-tres-froide-pour-le-nouvel-an-en-isere-a-quoi-s-attendre_63629194.html\" target=\"_blank\" rel=\"noopener\"> \u00ab\u2009ambiance tr\u00e8s froide\u2009\u00bb<\/a> r\u00e8gne dans la capitale des Alpes et dans l\u2019ensemble du d\u00e9partement de l\u2019<a href=\"https:\/\/actu.fr\/auvergne-rhone-alpes\/isere_38\" target=\"_blank\" rel=\"noopener\">Is\u00e8re<\/a> depuis pr\u00e8s d\u2019une semaine, les flocons pourraient bien refroidir encore plus l\u2019atmosph\u00e8re au cours des prochains jours, \u00e0 en croire les derni\u00e8res pr\u00e9visions de M\u00e9t\u00e9o-France.<\/p>\n<p>Une \u00ab\u2009neige faible\u2009\u00bb attendue \u00e0 Grenoble<\/p>\n<p class=\" wall-content\">Selon le service officiel de la m\u00e9t\u00e9orologie en France, un \u00e9pisode de \u00ab\u2009neige faible\u2009\u00bb doit prendre forme dans le Nord-Is\u00e8re, plus pr\u00e9cis\u00e9ment du c\u00f4t\u00e9 de <strong>Vienne<\/strong>, durant l\u2019apr\u00e8s-midi de ce mercredi 7\u00a0janvier 2026.<\/p>\n<p class=\" wall-content\">Les faibles pr\u00e9cipitations neigeuses vont ensuite s\u2019\u00e9tendre au reste du d\u00e9partement is\u00e9rois au cours de la <strong>soir\u00e9e<\/strong>, comme \u00e0 Grenoble notamment, toujours selon M\u00e9t\u00e9o-France.<\/p>\n<p class=\" wall-content\">Apr\u00e8s une pause pendant la nuit, de nouvelles chutes de neige doivent \u00eatre observ\u00e9es dans la matin\u00e9e de ce jeudi 8\u00a0janvier 2026. Si des chutes de neige \u00ab\u2009mod\u00e9r\u00e9es\u2009\u00bb sont attendues sur les reliefs, les flocons seront <strong>m\u00e9lang\u00e9s \u00e0 la pluie<\/strong> dans le reste du d\u00e9partement.<\/p>\n<p>Un nouvel \u00e9pisode neigeux en plaine\u2009?<\/p>\n<p class=\" wall-content\">Sans grande certitude \u00e0 ce stade, l\u2019\u00e9pisode neigeux en Is\u00e8re est, en tout cas, bien parti pour durer jusqu\u2019\u00e0 la fin de la semaine, en particulier en altitude. Toujours selon M\u00e9t\u00e9o-France, les flocons pourraient n\u00e9anmoins faire leur <strong>retour en plaine au cours du week-end<\/strong>.<\/p>\n<p class=\" wall-content\">En attendant, le froid qui r\u00e8gne depuis la semaine derni\u00e8re en Is\u00e8re n\u2019est pas encore pr\u00e8s de se dissiper. \u00c0 l\u2019instar des pr\u00e9c\u00e9dents jours, le d\u00e9partement is\u00e9rois reste toujours sous le coup d\u2019une <strong>vigilance jaune \u00ab\u2009Grand Froid\u2009\u00bb<\/strong> tout au long des journ\u00e9es de ce lundi 5 et mardi 6 janvier.<\/p>\n<p class=\" wall-content\">Personnalisez votre actualit\u00e9 en ajoutant vos villes et m\u00e9dias en favori avec <a href=\"https:\/\/moncompte.actu.fr\" title=\"D\u00e9couvez Mon Actu\" rel=\"nofollow noopener\" data-trk=\"{&quot;cta&quot;:{&quot;action&quot;:&quot;https:\\\/\\\/moncompte.actu.fr&quot;,&quot;category&quot;:&quot;mon compte&quot;,&quot;from&quot;:&quot;article footer&quot;,&quot;name&quot;:&quot;Mon actu&quot;,&quot;type&quot;:&quot;cta&quot;}}\" target=\"_blank\">Mon Actu<\/a>.<\/p>\n","protected":false},"excerpt":{"rendered":"Par R\u00e9daction Grenoble Publi\u00e9 le 5 janv. 2026 \u00e0 15h24 La neige va-t-elle faire son grand retour \u00e0&hellip;\n","protected":false},"author":2,"featured_media":622662,"comment_status":"","ping_status":"","sticky":false,"template":"","format":"standard","meta":{"footnotes":""},"categories":[9566],"tags":[1111,11,2430,1777,674,1011,27,2731,2487,2357,10584,12,25],"class_list":{"0":"post-642816","1":"post","2":"type-post","3":"status-publish","4":"format-standard","5":"has-post-thumbnail","7":"category-grenoble","8":"tag-actu","9":"tag-actualites","10":"tag-auvergne-rhone-alpes","11":"tag-eu","12":"tag-europe","13":"tag-fr","14":"tag-france","15":"tag-grenoble","16":"tag-meteo","17":"tag-meteo-france","18":"tag-neige","19":"tag-news","20":"tag-republique-francaise"},"share_on_mastodon":{"url":"https:\/\/pubeurope.com\/@fr\/115843352836977588","error":""},"_links":{"self":[{"href":"https:\/\/www.europesays.com\/fr\/wp-json\/wp\/v2\/posts\/642816","targetHints":{"allow":["GET"]}}],"collection":[{"href":"https:\/\/www.europesays.com\/fr\/wp-json\/wp\/v2\/posts"}],"about":[{"href":"https:\/\/www.europesays.com\/fr\/wp-json\/wp\/v2\/types\/post"}],"author":[{"embeddable":true,"href":"https:\/\/www.europesays.com\/fr\/wp-json\/wp\/v2\/users\/2"}],"replies":[{"embeddable":true,"href":"https:\/\/www.europesays.com\/fr\/wp-json\/wp\/v2\/comments?post=642816"}],"version-history":[{"count":0,"href":"https:\/\/www.europesays.com\/fr\/wp-json\/wp\/v2\/posts\/642816\/revisions"}],"wp:featuredmedia":[{"embeddable":true,"href":"https:\/\/www.europesays.com\/fr\/wp-json\/wp\/v2\/media\/622662"}],"wp:attachment":[{"href":"https:\/\/www.europesays.com\/fr\/wp-json\/wp\/v2\/media?parent=642816"}],"wp:term":[{"taxonomy":"category","embeddable":true,"href":"https:\/\/www.europesays.com\/fr\/wp-json\/wp\/v2\/categories?post=642816"},{"taxonomy":"post_tag","embeddable":true,"href":"https:\/\/www.europesays.com\/fr\/wp-json\/wp\/v2\/tags?post=642816"}],"curies":[{"name":"wp","href":"https:\/\/api.w.org\/{rel}","templated":true}]}}