{"id":642817,"date":"2026-01-05T16:07:15","date_gmt":"2026-01-05T16:07:15","guid":{"rendered":"https:\/\/www.europesays.com\/fr\/642817\/"},"modified":"2026-01-05T16:07:15","modified_gmt":"2026-01-05T16:07:15","slug":"la-plainte-contre-pierre-crinon-classee-sans-suite-2","status":"publish","type":"post","link":"https:\/\/www.europesays.com\/fr\/642817\/","title":{"rendered":"la plainte contre Pierre Crinon class\u00e9e sans suite"},"content":{"rendered":"<p class=\"article__intro\">Apr\u00e8s la bagarre g\u00e9n\u00e9rale survenue le 30 novembre dernier lors d&rsquo;un match de hockey sur glace entre Grenoble et Angers, la justice a d\u00e9cid\u00e9 de classer sans suite la plainte du gardien angevin Matthew O&rsquo;Connor \u00e0 l&rsquo;encontre du Grenoblois Pierre Crinon.<\/p>\n<p>\n      L\u2019actu des r\u00e9gions\n    <\/p>\n<p>\n      Chaque jour, un tour d\u2019horizon des principales infos de toutes les r\u00e9gions.\n    <\/p>\n<p>    France T\u00e9l\u00e9visions utilise votre adresse e-mail afin de vous envoyer la newsletter \u00ab\u00a0L\u2019actu des r\u00e9gions\u00a0\u00bb. Vous pouvez vous d\u00e9sinscrire \u00e0 tout moment via le lien en bas de cette newsletter. <a target=\"_blank\" href=\"https:\/\/www.francetelevisions.fr\/groupe\/confidentialite\/politique-de-confidentialite\/politique-de-confidentialite-de-france-televisions-6503\" rel=\"noopener\">Notre politique de confidentialit\u00e9<\/a><\/p>\n<p>Plus d&rsquo;un mois apr\u00e8s les faits, le parquet de Grenoble a indiqu\u00e9, ce lundi 5 janvier, avoir class\u00e9 sans suite la plainte du gardien des Ducs d&rsquo;Angers, Matthew O&rsquo;Connor, \u00e0 l&rsquo;encontre du d\u00e9fenseur des Br\u00fbleurs de Loups Pierre Crinon, auteur d&rsquo;une violente charge et de coups de poing lors d&rsquo;un match de ligue Magnus, le 4 d\u00e9cembre dernier.<\/p>\n<p>\u00ab\u00a0Le plaignant a \u00e9t\u00e9 examin\u00e9 par l&rsquo;institut m\u00e9dico-l\u00e9gal d&rsquo;Angers. Le m\u00e9decin l\u00e9giste a fix\u00e9 \u00e0 3 jours l&rsquo;ITT [incapacit\u00e9 totale de travail, NDLR] subie suite au traumatisme facial, sans relever de troubles fonctionnels significatifs. L&rsquo;examen des vid\u00e9os du match a permis d&rsquo;objectiver les faits. Le joueur grenoblois mis en cause, Pierre Crinon, a bien frapp\u00e9 Matthew O&rsquo;Connor d&rsquo;un coup de poing au niveau de l&rsquo;\u0153il droit\u00a0\u00bb, a indiqu\u00e9 le procureur de la R\u00e9publique de Grenoble, Etienne Manteaux, dans un communiqu\u00e9.<\/p>\n<p>\u00c0 la suite de cette bagarre g\u00e9n\u00e9rale, la Commission des infractions aux r\u00e8gles du jeu (CIRJ) de la Ligue Magnus <a href=\"https:\/\/france3-regions.franceinfo.fr\/auvergne-rhone-alpes\/isere\/grenoble\/hockey-sur-glace-bagarre-generale-entre-grenoble-et-angers-deux-bruleurs-de-loups-suspendus-plusieurs-matches-le-gardien-des-ducs-blanchi-3261314.html\" target=\"_blank\" rel=\"noopener noreferrer nofollow\" data-tooltip-url=\"https:\/\/france3-regions.franceinfo.fr\/auvergne-rhone-alpes\/isere\/grenoble\/hockey-sur-glace-bagarre-generale-entre-grenoble-et-angers-deux-bruleurs-de-loups-suspendus-plusieurs-matches-le-gardien-des-ducs-blanchi-3261314.html\">avait d\u00e9cid\u00e9 de suspendre Pierre Crinon pendant sept matches<\/a>. Afin de motiver le classement sans suite de cette plainte, le procureur a indiqu\u00e9 avoir pris en compte cette mesure disciplinaire ainsi que \u00ab\u00a0l&rsquo;attitude durant le match du plaignant avant les coups\u00a0\u00bb. Etienne Manteaux a ainsi consid\u00e9r\u00e9 que \u00ab\u00a0les sanctions disciplinaires \u00e9taient suffisantes comme r\u00e9ponse \u00e0 apporter \u00e0 ces faits\u00a0\u00bb.<\/p>\n<p>Le dimanche 30 novembre dernier, \u00e0 l&rsquo;occasion de la 21e journ\u00e9e de championnat de Ligue Magnus, le match entre les Br\u00fbleurs de Loups et les Ducs d&rsquo;Angers avait tourn\u00e9 au pugilat sur la patinoire Polesud. Les deux \u00e9quipes <a href=\"https:\/\/france3-regions.franceinfo.fr\/auvergne-rhone-alpes\/isere\/grenoble\/video-provocations-bagarre-generale-et-joueur-en-sang-le-match-de-hockey-entre-grenoble-et-angers-tourne-au-pugilat-3259207.html\" target=\"_blank\" rel=\"noopener noreferrer nofollow\" data-tooltip-url=\"https:\/\/france3-regions.franceinfo.fr\/auvergne-rhone-alpes\/isere\/grenoble\/video-provocations-bagarre-generale-et-joueur-en-sang-le-match-de-hockey-entre-grenoble-et-angers-tourne-au-pugilat-3259207.html\">en sont venues aux mains<\/a> lors du deuxi\u00e8me tiers-temps.<\/p>\n<p>\u00ab\u00a0Plusieurs provocations et \u00e9changes de coups se sont malheureusement succ\u00e9d\u00e9s, jusqu\u2019\u00e0 une ultime confrontation ayant entra\u00een\u00e9 une bagarre g\u00e9n\u00e9rale. Le niveau d\u2019intensit\u00e9 atteint lors de cet incident d\u00e9passe largement ce qui peut \u00eatre consid\u00e9r\u00e9 comme acceptable dans le cadre de notre sport\u00a0\u00bb, avaient r\u00e9agi les Br\u00fbleurs de Loups dans un communiqu\u00e9.<\/p>\n","protected":false},"excerpt":{"rendered":"Apr\u00e8s la bagarre g\u00e9n\u00e9rale survenue le 30 novembre dernier lors d&rsquo;un match de hockey sur glace entre Grenoble&hellip;\n","protected":false},"author":2,"featured_media":642818,"comment_status":"","ping_status":"","sticky":false,"template":"","format":"standard","meta":{"footnotes":""},"categories":[9566],"tags":[1111,11,2430,1777,674,1011,27,2731,12,25],"class_list":{"0":"post-642817","1":"post","2":"type-post","3":"status-publish","4":"format-standard","5":"has-post-thumbnail","7":"category-grenoble","8":"tag-actu","9":"tag-actualites","10":"tag-auvergne-rhone-alpes","11":"tag-eu","12":"tag-europe","13":"tag-fr","14":"tag-france","15":"tag-grenoble","16":"tag-news","17":"tag-republique-francaise"},"share_on_mastodon":{"url":"https:\/\/pubeurope.com\/@fr\/115843356609944177","error":""},"_links":{"self":[{"href":"https:\/\/www.europesays.com\/fr\/wp-json\/wp\/v2\/posts\/642817","targetHints":{"allow":["GET"]}}],"collection":[{"href":"https:\/\/www.europesays.com\/fr\/wp-json\/wp\/v2\/posts"}],"about":[{"href":"https:\/\/www.europesays.com\/fr\/wp-json\/wp\/v2\/types\/post"}],"author":[{"embeddable":true,"href":"https:\/\/www.europesays.com\/fr\/wp-json\/wp\/v2\/users\/2"}],"replies":[{"embeddable":true,"href":"https:\/\/www.europesays.com\/fr\/wp-json\/wp\/v2\/comments?post=642817"}],"version-history":[{"count":0,"href":"https:\/\/www.europesays.com\/fr\/wp-json\/wp\/v2\/posts\/642817\/revisions"}],"wp:featuredmedia":[{"embeddable":true,"href":"https:\/\/www.europesays.com\/fr\/wp-json\/wp\/v2\/media\/642818"}],"wp:attachment":[{"href":"https:\/\/www.europesays.com\/fr\/wp-json\/wp\/v2\/media?parent=642817"}],"wp:term":[{"taxonomy":"category","embeddable":true,"href":"https:\/\/www.europesays.com\/fr\/wp-json\/wp\/v2\/categories?post=642817"},{"taxonomy":"post_tag","embeddable":true,"href":"https:\/\/www.europesays.com\/fr\/wp-json\/wp\/v2\/tags?post=642817"}],"curies":[{"name":"wp","href":"https:\/\/api.w.org\/{rel}","templated":true}]}}