{"id":642819,"date":"2026-01-05T16:09:02","date_gmt":"2026-01-05T16:09:02","guid":{"rendered":"https:\/\/www.europesays.com\/fr\/642819\/"},"modified":"2026-01-05T16:09:02","modified_gmt":"2026-01-05T16:09:02","slug":"festivites-du-nouvel-an-a-rennes-la-police-est-intervenue-pour-mettre-fin-a-un-attroupement-maville-com-rennes","status":"publish","type":"post","link":"https:\/\/www.europesays.com\/fr\/642819\/","title":{"rendered":"Festivit\u00e9s du Nouvel an \u00e0 Rennes : la police est intervenue pour mettre fin \u00e0 un attroupement &#8211; MaVille.com &#8211; Rennes"},"content":{"rendered":"<ol>\n<li><a href=\"https:\/\/news.google.com\/rss\/articles\/CBMigAJBVV95cUxObzRjYnVDekJsUmFhNkEwMXV1UE1EdGZWM3dQR19kMzNxZkZ5MUtFZmNPNXJrOWl1QzdYT0FZSjNYclNTZXRVQVRsRGFKSlh3a3JkcjlzcGlERHJadVFBZmx1MkJ6V3ozQXJ1dDVFWkxDN0N0M1EtNEE0X2QzS0RlazZMM3pVTGc2RE50SlQybkdHRGtldWdWZ05PSmN1NnBTNTN6c1E2SlgxQUJaVHVKbGZqakJ1ZnBRZnBNdjBMTllIWFh1b2doVTNoWU9ZWjBxcXZBaEZuQlBqY25laVRKSWRVenJta3ZvY0VHWjZtWURLdmFfMEs5S0p4cEdFMW13?oc=5\" target=\"_blank\" rel=\"noopener\">Festivit\u00e9s du Nouvel an \u00e0 Rennes : la police est intervenue pour mettre fin \u00e0 un attroupement<\/a>&nbsp;&nbsp;MaVille.com &#8211; Rennes<\/li>\n<li><a href=\"https:\/\/news.google.com\/rss\/articles\/CBMiugFBVV95cUxNREV3Vkg0UnNaQVV6VktXU1J4SmZtdHlrdkY3bHc5U0ZuSUw5b3FtUXVHR00zZkFZYjZXZnBlMUFVdHBCbWtZYllPSHpnWXM4bkJOZmZvUzh4LXR1TUI3aERWbzB3UzdVcUNmcl8zcnZUdUE3ZGloY0l0eXFMU1J1MWxkRDhXckdtVjVQTHg1d1pBWjJQUlNoQTV6Q2RUdmFaVVBGTGZzR0RtcHRRbkEzTG9IZUlGTVQ5R0E?oc=5\" target=\"_blank\" rel=\"noopener\">Incendies et tirs de mortiers sur les policiers pendant la nuit du Nouvel An \u00e0 Reims<\/a>&nbsp;&nbsp;L&rsquo;Union<\/li>\n<li><a href=\"https:\/\/news.google.com\/rss\/articles\/CBMimgJBVV95cUxQV2dlQlotRDFfMTM1X0lnTHg5RENKR21mMTVrSHhMNjBERmNzaC01WW1GVzBSelV4UTFqRnI1UmcwVVc4UEVQNnFwZC15bUl3SXBrV196b3FtTDc3LTlCam5QdFJTVzJPVmJ4NVdkSXJHZTNBQmVGSEhJUlJkNFMydFFvLTZpLVJLVHdnUDdpRnpoY0tzMUE4TFJHYzBlSktfc0w4T1Jzd1FUWnVBbGhhZkwtNmxFdldLTUtxOU5XTzlWMUpBZ0N2aVNaeFdDTWxFQW4xQXUwU0d4N3FiWWR1SHNwdkJZTXJ2c2hzRVNEQkk4cTVUeE9VRzZnZ2hiRndDNDdDdzNOQm96YWhQQnUyMEM0SEZLcW41dkE?oc=5\" target=\"_blank\" rel=\"noopener\">Festivit\u00e9s du Nouvel an \u00e0 Rennes : la police est intervenue pour mettre fin \u00e0 un attroupement place Saint-Anne<\/a>&nbsp;&nbsp;Ouest-France<\/li>\n<li><a href=\"https:\/\/news.google.com\/rss\/articles\/CBMi7gFBVV95cUxPb092a2pKQndCTzlESXd3N2NDVktiYXpjeHp6QWV0TmZhb1g2aGdqd055SWc3UmY5SmdWdFJCRUp4Y3h4dmkzT05LYmduVV9uMmJsdFdJTkZ2ZDR5d190WElrYXBxYzE5STNUbUowQVhzMC1pamQyYWRyNERDdmp6YVc1NHcxQ1pZNHUyYVJHZ19SQW5PVDJGUl8teWVQcW5LWVBuOFFWQlU1N2lYUjM2ZUY1d0J0bnJqcUJPbG5pV1BRTk9IZ0FRNGMybG8weWhjMGtGXzVRYVZkNGlaZ0VEUUpDQ3U5XzRzeHlJd0Z3?oc=5\" target=\"_blank\" rel=\"noopener\">Un policier bless\u00e9 apr\u00e8s de \u00ab\u00a0brefs\u00a0\u00bb incidents dans le centre de Rennes lors du r\u00e9veillon du Nouvel An<\/a>&nbsp;&nbsp;BFM<\/li>\n<li><a href=\"https:\/\/news.google.com\/rss\/articles\/CBMisgFBVV95cUxNX2U4T1JyVV9zc19aNHBZZ1pFa3J6OFFWNFBsWUhkUEZkVklpQ0lCM3ZnYzFLdkJfT3hqSko4S09ESnBMSFNJZkhGUTNqbTdfMjRQQ3U2N1dILWlSaWlfZ3VkVFo2elFaTnRfUUYtR2tqWGV5dzlMbFdVbmdCcDJpN2M5dmhoeG1pSXl0WEJzeGptVkRCZEFzelcxVGV3OElBTkgzVEY4NVk5bkVNaTJFcDl3?oc=5\" target=\"_blank\" rel=\"noopener\">Attroupement, tirs de mortiers, voitures incendi\u00e9es, violente agression&#8230; Plusieurs incidents dans nos r\u00e9gions la nuit du Nouvel An<\/a>&nbsp;&nbsp;Alouette.fr<\/li>\n<\/ol>\n","protected":false},"excerpt":{"rendered":"Festivit\u00e9s du Nouvel an \u00e0 Rennes : la police est intervenue pour mettre fin \u00e0 un attroupement&nbsp;&nbsp;MaVille.com &#8211;&hellip;\n","protected":false},"author":2,"featured_media":638703,"comment_status":"","ping_status":"","sticky":false,"template":"","format":"standard","meta":{"footnotes":""},"categories":[2821],"tags":[1111,11,9626,74592,829,1777,674,7186,5729,1011,27,74591,7557,12,10542,5536,1072,584,25,74593],"class_list":{"0":"post-642819","1":"post","2":"type-post","3":"status-publish","4":"format-standard","5":"has-post-thumbnail","7":"category-rennes","8":"tag-actu","9":"tag-actualites","10":"tag-an","11":"tag-attroupement","12":"tag-bretagne","13":"tag-eu","14":"tag-europe","15":"tag-festivites","16":"tag-fin","17":"tag-fr","18":"tag-france","19":"tag-intervenue","20":"tag-mettre","21":"tag-news","22":"tag-nouvel","23":"tag-place","24":"tag-police","25":"tag-rennes","26":"tag-republique-francaise","27":"tag-saint-anne"},"share_on_mastodon":{"url":"","error":""},"_links":{"self":[{"href":"https:\/\/www.europesays.com\/fr\/wp-json\/wp\/v2\/posts\/642819","targetHints":{"allow":["GET"]}}],"collection":[{"href":"https:\/\/www.europesays.com\/fr\/wp-json\/wp\/v2\/posts"}],"about":[{"href":"https:\/\/www.europesays.com\/fr\/wp-json\/wp\/v2\/types\/post"}],"author":[{"embeddable":true,"href":"https:\/\/www.europesays.com\/fr\/wp-json\/wp\/v2\/users\/2"}],"replies":[{"embeddable":true,"href":"https:\/\/www.europesays.com\/fr\/wp-json\/wp\/v2\/comments?post=642819"}],"version-history":[{"count":0,"href":"https:\/\/www.europesays.com\/fr\/wp-json\/wp\/v2\/posts\/642819\/revisions"}],"wp:featuredmedia":[{"embeddable":true,"href":"https:\/\/www.europesays.com\/fr\/wp-json\/wp\/v2\/media\/638703"}],"wp:attachment":[{"href":"https:\/\/www.europesays.com\/fr\/wp-json\/wp\/v2\/media?parent=642819"}],"wp:term":[{"taxonomy":"category","embeddable":true,"href":"https:\/\/www.europesays.com\/fr\/wp-json\/wp\/v2\/categories?post=642819"},{"taxonomy":"post_tag","embeddable":true,"href":"https:\/\/www.europesays.com\/fr\/wp-json\/wp\/v2\/tags?post=642819"}],"curies":[{"name":"wp","href":"https:\/\/api.w.org\/{rel}","templated":true}]}}