{"id":642820,"date":"2026-01-05T16:10:11","date_gmt":"2026-01-05T16:10:11","guid":{"rendered":"https:\/\/www.europesays.com\/fr\/642820\/"},"modified":"2026-01-05T16:10:11","modified_gmt":"2026-01-05T16:10:11","slug":"losc-quelle-sanction-contre-les-ultras-lillois-apres-les-incidents-face-a-rennes","status":"publish","type":"post","link":"https:\/\/www.europesays.com\/fr\/642820\/","title":{"rendered":"Losc: quelle sanction contre les ultras lillois apr\u00e8s les incidents face \u00e0 Rennes?"},"content":{"rendered":"<p class=\"mb-4 text-lg md:leading-8 break-words\"><a href=\"https:\/\/rmcsport.bfmtv.com\/football\/ligue-1\/direct-lille-rennes-suivez-le-match-de-la-17e-journee-de-ligue-1_LS-202601030242.html\" rel=\"nofollow noopener\" target=\"_blank\" data-ylk=\"slk:Samedi 3 janvier face \u00e0 Rennes;elm:context_link;itc:0;sec:content-canvas\" class=\"link \">Samedi 3 janvier face \u00e0 Rennes<\/a>, le virage Est du stade Pierre Mauroy \u00e9tait presque vide. Cette fermeture partielle a \u00e9t\u00e9 d\u00e9cid\u00e9 par la Commission de discipline de la LFP pour un match ferme et un match avec sursis, apr\u00e8s l\u2019usage d\u2019engins pyrotechniques survenu lors de la r\u00e9ception de l\u2019OM le 5 d\u00e9cembre dernier. Sauf que les Dogues Virage Est (DVE) se sont expatri\u00e9s un peu plus haut dans la tribune et ont exprim\u00e9 leur m\u00e9contentement contre les m\u00e9dias, l\u2019arbitre ou encore la Ligue, \u00e0 travers des chants insultants et homophobes et une banderole: \u00ab\u00a0LFP, toujours pas de bonnes r\u00e9solutions, toujours aussi cons\u00a0\u00bb.<\/p>\n<p class=\"mb-4 text-lg md:leading-8 break-words\"><a href=\"https:\/\/fr.news.yahoo.com\/sport\/lille-rennes-d%C3%A9cision-doit-%C3%AAtre-234655812.html\" data-ylk=\"slk:Sur les faits qui se sont produits dans les tribunes de Lille ce week-end;elm:context_link;itc:0;sec:content-canvas;outcm:mb_qualified_link;_E:mb_qualified_link;ct:story;\" class=\"link  yahoo-link\" target=\"_blank\" rel=\"noopener\">Sur les faits qui se sont produits dans les tribunes de Lille ce week-end<\/a>, le Losc risque un huis clos partiel ou total de son stade. La commission de discipline devrait mettre ce dossier en instruction et donner une d\u00e9cision dans plusieurs jours sur la suite.<\/p>\n<p>Une soir\u00e9e difficile dans le Nord<\/p>\n<p class=\"mb-4 text-lg md:leading-8 break-words\">Battu par Rennes dans ce choc pour l\u2019Europe, Lille a connu une soir\u00e9e mouvement\u00e9e. Pendant que <a href=\"https:\/\/fr.news.yahoo.com\/sport\/lille-rennes-pourquoi-genesio-snob%C3%A9-230900493.html\" data-ylk=\"slk:Bruno Genesio a zapp\u00e9 la conf\u00e9rence de presse;elm:context_link;itc:0;sec:content-canvas;outcm:mb_qualified_link;_E:mb_qualified_link;ct:story;\" class=\"link  yahoo-link\" target=\"_blank\" rel=\"noopener\">Bruno Genesio a zapp\u00e9 la conf\u00e9rence de presse<\/a> &#8211; officiellement pour \u00ab\u00a0un choix personnel\u00a0\u00bb &#8211; <a href=\"https:\/\/fr.news.yahoo.com\/sport\/lille-rennes-cest-honte-cest-215251114.html\" data-ylk=\"slk:Olivier L\u00e9tang s\u2019est emport\u00e9;elm:context_link;itc:0;sec:content-canvas;outcm:mb_qualified_link;_E:mb_qualified_link;ct:story;\" class=\"link  yahoo-link\" target=\"_blank\" rel=\"noopener\">Olivier L\u00e9tang s\u2019est emport\u00e9<\/a> dans les couloirs de Pierre-Mauroy, furieux des d\u00e9cisions arbitrales, notamment sur le carton rouge inflig\u00e9 \u00e0 Alexsandro. \u00ab\u00a0Vous savez ce que vous avez fait! C&rsquo;est une honte! C&rsquo;est un scandale! J&rsquo;en reviens pas! Vous n&rsquo;\u00eates m\u00eame pas capable de parler calmement!\u00a0\u00bb, avait pest\u00e9 le pr\u00e9sident lillois \u00e0 la pause.<\/p>\n<p class=\"mb-4 text-lg md:leading-8 break-words\">Adversaire des Lillois samedi, Habib Beye a regrett\u00e9 certaines attitudes. \u00ab\u00a0On a assez d\u2019exp\u00e9rience pour savoir qu\u2019on ne doit se pr\u00e9occuper que de ce qu\u2019on peut contr\u00f4ler et \u00e7a se passe sur le rectangle vert. Maintenant, les d\u00e9cisions arbitrales, on peut les contester ou ne pas \u00eatre d\u2019accord. Mais on est sur le terrain et il n\u2019y a que l\u00e0 o\u00f9 on peut affecter le score\u00a0\u00bb, affirmait le coach de Rennes en conf\u00e9rence de presse.<\/p>\n<p class=\"mb-4 text-lg md:leading-8 break-words\"><a href=\"https:\/\/rmcsport.bfmtv.com\/football\/clubs\/losc-lille\/losc-quelle-sanction-contre-les-ultras-lillois-apres-les-incidents-face-a-rennes_AV-202601050596.html#xtor=AL-68\" rel=\"nofollow noopener\" target=\"_blank\" data-ylk=\"slk:Article original publi\u00e9 sur RMC Sport;elm:context_link;itc:0;sec:content-canvas\" class=\"link \">Article original publi\u00e9 sur RMC Sport<\/a><\/p>\n","protected":false},"excerpt":{"rendered":"Samedi 3 janvier face \u00e0 Rennes, le virage Est du stade Pierre Mauroy \u00e9tait presque vide. Cette fermeture&hellip;\n","protected":false},"author":2,"featured_media":642821,"comment_status":"","ping_status":"","sticky":false,"template":"","format":"standard","meta":{"footnotes":""},"categories":[2821],"tags":[1111,11,829,74955,2331,1153,1777,674,1011,27,12,57117,584,25],"class_list":{"0":"post-642820","1":"post","2":"type-post","3":"status-publish","4":"format-standard","5":"has-post-thumbnail","7":"category-rennes","8":"tag-actu","9":"tag-actualites","10":"tag-bretagne","11":"tag-c39est-une-honte","12":"tag-commission-de-discipline","13":"tag-conference-de-presse","14":"tag-eu","15":"tag-europe","16":"tag-fr","17":"tag-france","18":"tag-news","19":"tag-pierre-mauroy","20":"tag-rennes","21":"tag-republique-francaise"},"share_on_mastodon":{"url":"https:\/\/pubeurope.com\/@fr\/115843368498555488","error":""},"_links":{"self":[{"href":"https:\/\/www.europesays.com\/fr\/wp-json\/wp\/v2\/posts\/642820","targetHints":{"allow":["GET"]}}],"collection":[{"href":"https:\/\/www.europesays.com\/fr\/wp-json\/wp\/v2\/posts"}],"about":[{"href":"https:\/\/www.europesays.com\/fr\/wp-json\/wp\/v2\/types\/post"}],"author":[{"embeddable":true,"href":"https:\/\/www.europesays.com\/fr\/wp-json\/wp\/v2\/users\/2"}],"replies":[{"embeddable":true,"href":"https:\/\/www.europesays.com\/fr\/wp-json\/wp\/v2\/comments?post=642820"}],"version-history":[{"count":0,"href":"https:\/\/www.europesays.com\/fr\/wp-json\/wp\/v2\/posts\/642820\/revisions"}],"wp:featuredmedia":[{"embeddable":true,"href":"https:\/\/www.europesays.com\/fr\/wp-json\/wp\/v2\/media\/642821"}],"wp:attachment":[{"href":"https:\/\/www.europesays.com\/fr\/wp-json\/wp\/v2\/media?parent=642820"}],"wp:term":[{"taxonomy":"category","embeddable":true,"href":"https:\/\/www.europesays.com\/fr\/wp-json\/wp\/v2\/categories?post=642820"},{"taxonomy":"post_tag","embeddable":true,"href":"https:\/\/www.europesays.com\/fr\/wp-json\/wp\/v2\/tags?post=642820"}],"curies":[{"name":"wp","href":"https:\/\/api.w.org\/{rel}","templated":true}]}}