{"id":642837,"date":"2026-01-05T16:20:10","date_gmt":"2026-01-05T16:20:10","guid":{"rendered":"https:\/\/www.europesays.com\/fr\/642837\/"},"modified":"2026-01-05T16:20:10","modified_gmt":"2026-01-05T16:20:10","slug":"cybersecurite-loccitanie-muscle-son-offre-de-formation","status":"publish","type":"post","link":"https:\/\/www.europesays.com\/fr\/642837\/","title":{"rendered":"Cybers\u00e9curit\u00e9 : l\u2019Occitanie muscle son offre de formation"},"content":{"rendered":"<p>L\u2019Occitanie renforce son \u00e9cosyst\u00e8me cyber avec le lancement du projet Osmose. Port\u00e9 par l\u2019Universit\u00e9 de Toulouse, ce programme structurant, laur\u00e9at de l\u2019AMI Comp\u00e9tences et m\u00e9tiers d\u2019avenir de France 2030, b\u00e9n\u00e9ficie d\u2019un budget global de 27 millions d\u2019euros, dont 6 millions de soutien public. Objectif\u00a0: acc\u00e9l\u00e9rer la mont\u00e9e en comp\u00e9tences en cybers\u00e9curit\u00e9 \u00e0 l\u2019\u00e9chelle r\u00e9gionale.<\/p>\n<p>R\u00e9unissant 21 partenaires acad\u00e9miques, institutionnels et industriels*, Osmose vise un public tr\u00e8s large, des coll\u00e9giens aux professionnels en activit\u00e9 ou en reconversion. Le dispositif s\u2019appuie sur des modules de formation innovants, un vivier de formateurs et des plateformes de simulation cyber-range pour des mises en situation concr\u00e8tes.<\/p>\n<p>Le lancement officiel s\u2019est tenu le 4\u00a0d\u00e9cembre dernier \u00e0 l\u2019Enac. Inscrit dans la strat\u00e9gie de la R\u00e9gion Occitanie, Osmose constituera le pilier formation du futur Campus Cyber Occitanie, anim\u00e9 par CyberOcc. D\u2019ici 2030, le projet ambitionne de sensibiliser 25.000 scolaires, former 10.000 adultes et mobiliser pr\u00e8s de 1400 enseignants et formateurs, afin de r\u00e9pondre aux besoins croissants en comp\u00e9tences cyber des entreprises et des services publics.<\/p>\n<p>*Parmi lesquels les Universit\u00e9 de Toulouse et Montpellier, l\u2019Insa, l\u2019Enac, l\u2019INU Champollion, le Rectorat de r\u00e9gion acad\u00e9mique Occitanie, Cyber\u2019Occ, Digital 113, Airbus SAS, Continental Automotive France, Thales&#8230; <\/p>\n","protected":false},"excerpt":{"rendered":"L\u2019Occitanie renforce son \u00e9cosyst\u00e8me cyber avec le lancement du projet Osmose. Port\u00e9 par l\u2019Universit\u00e9 de Toulouse, ce programme&hellip;\n","protected":false},"author":2,"featured_media":24040,"comment_status":"","ping_status":"","sticky":false,"template":"","format":"standard","meta":{"footnotes":""},"categories":[2816],"tags":[1111,11,1075,1777,674,1119,1011,27,12,2680,25,2312,54481],"class_list":{"0":"post-642837","1":"post","2":"type-post","3":"status-publish","4":"format-standard","5":"has-post-thumbnail","7":"category-toulouse","8":"tag-actu","9":"tag-actualites","10":"tag-cybersecurite","11":"tag-eu","12":"tag-europe","13":"tag-formation","14":"tag-fr","15":"tag-france","16":"tag-news","17":"tag-occitanie","18":"tag-republique-francaise","19":"tag-toulouse","20":"tag-universite-de-toulouse"},"share_on_mastodon":{"url":"https:\/\/pubeurope.com\/@fr\/115843407785649002","error":""},"_links":{"self":[{"href":"https:\/\/www.europesays.com\/fr\/wp-json\/wp\/v2\/posts\/642837","targetHints":{"allow":["GET"]}}],"collection":[{"href":"https:\/\/www.europesays.com\/fr\/wp-json\/wp\/v2\/posts"}],"about":[{"href":"https:\/\/www.europesays.com\/fr\/wp-json\/wp\/v2\/types\/post"}],"author":[{"embeddable":true,"href":"https:\/\/www.europesays.com\/fr\/wp-json\/wp\/v2\/users\/2"}],"replies":[{"embeddable":true,"href":"https:\/\/www.europesays.com\/fr\/wp-json\/wp\/v2\/comments?post=642837"}],"version-history":[{"count":0,"href":"https:\/\/www.europesays.com\/fr\/wp-json\/wp\/v2\/posts\/642837\/revisions"}],"wp:featuredmedia":[{"embeddable":true,"href":"https:\/\/www.europesays.com\/fr\/wp-json\/wp\/v2\/media\/24040"}],"wp:attachment":[{"href":"https:\/\/www.europesays.com\/fr\/wp-json\/wp\/v2\/media?parent=642837"}],"wp:term":[{"taxonomy":"category","embeddable":true,"href":"https:\/\/www.europesays.com\/fr\/wp-json\/wp\/v2\/categories?post=642837"},{"taxonomy":"post_tag","embeddable":true,"href":"https:\/\/www.europesays.com\/fr\/wp-json\/wp\/v2\/tags?post=642837"}],"curies":[{"name":"wp","href":"https:\/\/api.w.org\/{rel}","templated":true}]}}