{"id":642842,"date":"2026-01-05T16:24:10","date_gmt":"2026-01-05T16:24:10","guid":{"rendered":"https:\/\/www.europesays.com\/fr\/642842\/"},"modified":"2026-01-05T16:24:10","modified_gmt":"2026-01-05T16:24:10","slug":"place-publique-rejoint-le-printemps-marseillais","status":"publish","type":"post","link":"https:\/\/www.europesays.com\/fr\/642842\/","title":{"rendered":"Place publique rejoint le Printemps marseillais"},"content":{"rendered":"<p>Place publique rallie <a href=\"https:\/\/www.laprovence.com\/article\/politique\/11564454850164\/municipales-2026-83-dhabitants-satisfaits-le-pari-gagnant-de-la-securite-du-printemps-marseillais\" target=\"_blank\" rel=\"noopener\">le Printemps marseillais<\/a>\u00a0: le parti de Rapha\u00ebl Glucksmann annonce ce lundi 5\u00a0janvier qu\u2019il rejoint l\u2019alliance de gauche en vue des municipales des 15 et 22\u00a0mars\u00a02026 \u00e0 Marseille.<\/p>\n<p>\u00ab\u00a0Nous faisons le choix d\u2019une continuit\u00e9 ambitieuse\u00a0: poursuivre la transformation engag\u00e9e et donner une nouvelle impulsion pour aller encore plus loin et plus vite\u00a0\u00bb, \u00e9crit Place publique 13, qui ne faisait pas partie de la coalition aux manettes de la deuxi\u00e8me ville de France depuis\u00a02020.<\/p>\n<p>La formation de Rapha\u00ebl Glucksmann entend peser pour \u00ab\u00a0reconnecter la M\u00e9tropole aux habitantes et aux habitants et rendre l\u2019action publique plus efficace et plus juste\u00a0\u00bb, indique Pascaline L\u00e9corch\u00e9, cheffe de file Place publique Marseille et M\u00e9tropole, dans le m\u00eame communiqu\u00e9, qui a pr\u00e9sent\u00e9 <a href=\"https:\/\/www.laprovence.com\/article\/elections\/1082021484371914\/municipales-2026-place-publique-met-le-cap-sur-la-metropole-aix-marseille\" target=\"_blank\" rel=\"noopener\">ses propositions pour la M\u00e9tropole<\/a> le 19\u00a0d\u00e9cembre\u00a02025.<\/p>\n","protected":false},"excerpt":{"rendered":"Place publique rallie le Printemps marseillais\u00a0: le parti de Rapha\u00ebl Glucksmann annonce ce lundi 5\u00a0janvier qu\u2019il rejoint l\u2019alliance&hellip;\n","protected":false},"author":2,"featured_media":642843,"comment_status":"","ping_status":"","sticky":false,"template":"","format":"standard","meta":{"footnotes":""},"categories":[2814],"tags":[5734,1111,11,1777,674,1011,27,761,884,3434,12,5536,316,4767,882,12299,17939,25],"class_list":{"0":"post-642842","1":"post","2":"type-post","3":"status-publish","4":"format-standard","5":"has-post-thumbnail","7":"category-marseille","8":"tag-5734","9":"tag-actu","10":"tag-actualites","11":"tag-eu","12":"tag-europe","13":"tag-fr","14":"tag-france","15":"tag-marseillais","16":"tag-marseille","17":"tag-municipales-2026","18":"tag-news","19":"tag-place","20":"tag-politique","21":"tag-printemps","22":"tag-provence-alpes-cote-dazur","23":"tag-publique","24":"tag-rejoint","25":"tag-republique-francaise"},"share_on_mastodon":{"url":"https:\/\/pubeurope.com\/@fr\/115843423574753561","error":""},"_links":{"self":[{"href":"https:\/\/www.europesays.com\/fr\/wp-json\/wp\/v2\/posts\/642842","targetHints":{"allow":["GET"]}}],"collection":[{"href":"https:\/\/www.europesays.com\/fr\/wp-json\/wp\/v2\/posts"}],"about":[{"href":"https:\/\/www.europesays.com\/fr\/wp-json\/wp\/v2\/types\/post"}],"author":[{"embeddable":true,"href":"https:\/\/www.europesays.com\/fr\/wp-json\/wp\/v2\/users\/2"}],"replies":[{"embeddable":true,"href":"https:\/\/www.europesays.com\/fr\/wp-json\/wp\/v2\/comments?post=642842"}],"version-history":[{"count":0,"href":"https:\/\/www.europesays.com\/fr\/wp-json\/wp\/v2\/posts\/642842\/revisions"}],"wp:featuredmedia":[{"embeddable":true,"href":"https:\/\/www.europesays.com\/fr\/wp-json\/wp\/v2\/media\/642843"}],"wp:attachment":[{"href":"https:\/\/www.europesays.com\/fr\/wp-json\/wp\/v2\/media?parent=642842"}],"wp:term":[{"taxonomy":"category","embeddable":true,"href":"https:\/\/www.europesays.com\/fr\/wp-json\/wp\/v2\/categories?post=642842"},{"taxonomy":"post_tag","embeddable":true,"href":"https:\/\/www.europesays.com\/fr\/wp-json\/wp\/v2\/tags?post=642842"}],"curies":[{"name":"wp","href":"https:\/\/api.w.org\/{rel}","templated":true}]}}