{"id":642858,"date":"2026-01-05T16:33:12","date_gmt":"2026-01-05T16:33:12","guid":{"rendered":"https:\/\/www.europesays.com\/fr\/642858\/"},"modified":"2026-01-05T16:33:12","modified_gmt":"2026-01-05T16:33:12","slug":"festival-le-paris-des-sciences","status":"publish","type":"post","link":"https:\/\/www.europesays.com\/fr\/642858\/","title":{"rendered":"Festival le Pari(s) des Sciences"},"content":{"rendered":"<p>  Organis\u00e9 en lien avec <a href=\"https:\/\/www.paris.fr\/pages\/les-projets-de-partage-de-la-culture-scientifiques-soutenus-par-paris-27980\" target=\"_blank\" rel=\"noopener\">l&rsquo;appel \u00e0 projets pour le partage de la culture scientifique<\/a>, cet \u00e9v\u00e9nement r\u00e9unit, le temps d&rsquo;une journ\u00e9e, des associations, des institutions sp\u00e9cialistes de la m\u00e9diation scientifique et le grand public (enfants des \u00e9coles \u00e9l\u00e9mentaires et des coll\u00e8ges, familles). Stands interactifs, jeux, expositions et projections sont propos\u00e9s pour d\u00e9couvrir les sciences de mani\u00e8re ludique et participative.<\/p>\n","protected":false},"excerpt":{"rendered":"Organis\u00e9 en lien avec l&rsquo;appel \u00e0 projets pour le partage de la culture scientifique, cet \u00e9v\u00e9nement r\u00e9unit, le&hellip;\n","protected":false},"author":2,"featured_media":642859,"comment_status":"","ping_status":"","sticky":false,"template":"","format":"standard","meta":{"footnotes":""},"categories":[1888],"tags":[11,1777,674,1011,27,12,626,25],"class_list":{"0":"post-642858","1":"post","2":"type-post","3":"status-publish","4":"format-standard","5":"has-post-thumbnail","7":"category-paris","8":"tag-actualites","9":"tag-eu","10":"tag-europe","11":"tag-fr","12":"tag-france","13":"tag-news","14":"tag-paris","15":"tag-republique-francaise"},"share_on_mastodon":{"url":"https:\/\/pubeurope.com\/@fr\/115843459179969700","error":""},"_links":{"self":[{"href":"https:\/\/www.europesays.com\/fr\/wp-json\/wp\/v2\/posts\/642858","targetHints":{"allow":["GET"]}}],"collection":[{"href":"https:\/\/www.europesays.com\/fr\/wp-json\/wp\/v2\/posts"}],"about":[{"href":"https:\/\/www.europesays.com\/fr\/wp-json\/wp\/v2\/types\/post"}],"author":[{"embeddable":true,"href":"https:\/\/www.europesays.com\/fr\/wp-json\/wp\/v2\/users\/2"}],"replies":[{"embeddable":true,"href":"https:\/\/www.europesays.com\/fr\/wp-json\/wp\/v2\/comments?post=642858"}],"version-history":[{"count":0,"href":"https:\/\/www.europesays.com\/fr\/wp-json\/wp\/v2\/posts\/642858\/revisions"}],"wp:featuredmedia":[{"embeddable":true,"href":"https:\/\/www.europesays.com\/fr\/wp-json\/wp\/v2\/media\/642859"}],"wp:attachment":[{"href":"https:\/\/www.europesays.com\/fr\/wp-json\/wp\/v2\/media?parent=642858"}],"wp:term":[{"taxonomy":"category","embeddable":true,"href":"https:\/\/www.europesays.com\/fr\/wp-json\/wp\/v2\/categories?post=642858"},{"taxonomy":"post_tag","embeddable":true,"href":"https:\/\/www.europesays.com\/fr\/wp-json\/wp\/v2\/tags?post=642858"}],"curies":[{"name":"wp","href":"https:\/\/api.w.org\/{rel}","templated":true}]}}