{"id":642862,"date":"2026-01-05T16:35:13","date_gmt":"2026-01-05T16:35:13","guid":{"rendered":"https:\/\/www.europesays.com\/fr\/642862\/"},"modified":"2026-01-05T16:35:13","modified_gmt":"2026-01-05T16:35:13","slug":"ukraine-frappes-russes-contre-des-infrastructures-energetiques-a-kharkiv-maire-05-01-2026-a-1545","status":"publish","type":"post","link":"https:\/\/www.europesays.com\/fr\/642862\/","title":{"rendered":"Ukraine-Frappes russes contre des infrastructures \u00e9nerg\u00e9tiques \u00e0 Kharkiv-maire &#8211; 05\/01\/2026 \u00e0 15:45"},"content":{"rendered":"<p>\n La Russie a men\u00e9 lundi cinq<br \/>\nfrappes de missiles sur Kharkiv, la deuxi\u00e8me plus grande ville<br \/>\nd&rsquo;Ukraine, causant des \u00ab\u00a0d\u00e9g\u00e2ts tr\u00e8s importants\u00a0\u00bb aux<br \/>\ninfrastructures \u00e9nerg\u00e9tiques, a d\u00e9clar\u00e9 son maire Ihor Terekhov.\n<\/p>\n<p>\n \u00ab\u00a0Il ne s&rsquo;agit pas seulement d&rsquo;une attaque contre des<br \/>\ninfrastructures. C&rsquo;est une attaque contre le chauffage, l&rsquo;eau,<br \/>\nla vie quotidienne des gens. Ils essaient de nous briser par la<br \/>\npeur et l&rsquo;obscurit\u00e9\u00a0\u00bb, a-t-il d\u00e9clar\u00e9 sur l&rsquo;application de<br \/>\nmessagerie Telegram, sans pr\u00e9ciser les cibles vis\u00e9es.\n<\/p>\n<p>\n Le parquet r\u00e9gional de Kharkiv a indiqu\u00e9 dans un communiqu\u00e9<br \/>\nqu&rsquo;au moins un civil a \u00e9t\u00e9 bless\u00e9 lors de l&rsquo;attaque.\n<\/p>\n<p>\n Kharkiv, ville de plus d&rsquo;un million d&rsquo;habitants, est situ\u00e9e<br \/>\npr\u00e8s de la fronti\u00e8re russe. La temp\u00e9rature y \u00e9tait d&rsquo;environ<br \/>\n-3\u00b0C lundi dans la journ\u00e9e et devrait baisser durant la nuit.<br \/>\nSelon le fournisseur d&rsquo;\u00e9lectricit\u00e9 local, les habitants<br \/>\nb\u00e9n\u00e9ficiaient d&rsquo;\u00e9lectricit\u00e9 en moyenne 14 \u00e0 16 heures par jour<br \/>\navant cette r\u00e9cente attaque.\n<\/p>\n<p>\n \u00c0 Dnipro, une entreprise appartenant au producteur agricole<br \/>\nam\u00e9ricain Bunge<br \/>\n <a href=\"https:\/\/www.boursorama.com\/cours\/BG\/\" target=\"_blank\" rel=\"noopener\"><br \/>\n  BG.N<br \/>\n <\/a><br \/>\n a \u00e9t\u00e9 touch\u00e9e lors d&rsquo;une frappe distincte<br \/>\nqui a provoqu\u00e9 une fuite de 300 tonnes d&rsquo;huile de tournesol, a<br \/>\nd\u00e9clar\u00e9 Borys Filatov, le maire de la ville situ\u00e9e \u00e0 l\u2019est de<br \/>\nl\u2019Ukraine.\n<\/p>\n<p>\n Depuis novembre, la Russie a fortement augment\u00e9 le nombre et<br \/>\nl&rsquo;intensit\u00e9 de ses attaques contre le syst\u00e8me \u00e9nerg\u00e9tique et<br \/>\nlogistique ukrainien, plongeant des r\u00e9gions enti\u00e8res dans le<br \/>\nnoir.\n<\/p>\n<p>\n Un tiers de la ville de Kyiv, la capitale ukrainienne, s&rsquo;est<br \/>\nretrouv\u00e9 sans chauffage apr\u00e8s une vaste attaque russe fin<br \/>\nd\u00e9cembre, tandis qu&rsquo;Odessa, le plus grand port maritime<br \/>\nd&rsquo;Ukraine, a \u00e9t\u00e9 pratiquement priv\u00e9 du courant pendant plusieurs<br \/>\njours apr\u00e8s une s\u00e9rie d&rsquo;attaques.\n<\/p>\n<p>\n La Russie a \u00e9galement attaqu\u00e9 les centrales qui<br \/>\nfournissaient de la chaleur \u00e0 Tchernihiv et Kherson.\n<\/p>\n<p>\n (R\u00e9dig\u00e9 par Yuliia Dysa et Pavel Polityuk ; version fran\u00e7aise<br \/>\nKate Entringer, \u00e9dit\u00e9 par Blandine H\u00e9nault)<\/p>\n","protected":false},"excerpt":{"rendered":"La Russie a men\u00e9 lundi cinq frappes de missiles sur Kharkiv, la deuxi\u00e8me plus grande ville d&rsquo;Ukraine, causant&hellip;\n","protected":false},"author":2,"featured_media":15273,"comment_status":"","ping_status":"","sticky":false,"template":"","format":"standard","meta":{"footnotes":""},"categories":[1590],"tags":[400,11,398,408,405,1777,674,403,402,399,404,12,401,406,220,407],"class_list":{"0":"post-642862","1":"post","2":"type-post","3":"status-publish","4":"format-standard","5":"has-post-thumbnail","7":"category-ukraine","8":"tag-action-cac-40","9":"tag-actualites","10":"tag-bourse-de-paris","11":"tag-boursorama","12":"tag-cotations","13":"tag-eu","14":"tag-europe","15":"tag-indices-devises","16":"tag-investir","17":"tag-investissement","18":"tag-marche-boursier","19":"tag-news","20":"tag-sicav","21":"tag-trackers","22":"tag-ukraine","23":"tag-warrants"},"share_on_mastodon":{"url":"https:\/\/pubeurope.com\/@fr\/115843466915919837","error":""},"_links":{"self":[{"href":"https:\/\/www.europesays.com\/fr\/wp-json\/wp\/v2\/posts\/642862","targetHints":{"allow":["GET"]}}],"collection":[{"href":"https:\/\/www.europesays.com\/fr\/wp-json\/wp\/v2\/posts"}],"about":[{"href":"https:\/\/www.europesays.com\/fr\/wp-json\/wp\/v2\/types\/post"}],"author":[{"embeddable":true,"href":"https:\/\/www.europesays.com\/fr\/wp-json\/wp\/v2\/users\/2"}],"replies":[{"embeddable":true,"href":"https:\/\/www.europesays.com\/fr\/wp-json\/wp\/v2\/comments?post=642862"}],"version-history":[{"count":0,"href":"https:\/\/www.europesays.com\/fr\/wp-json\/wp\/v2\/posts\/642862\/revisions"}],"wp:featuredmedia":[{"embeddable":true,"href":"https:\/\/www.europesays.com\/fr\/wp-json\/wp\/v2\/media\/15273"}],"wp:attachment":[{"href":"https:\/\/www.europesays.com\/fr\/wp-json\/wp\/v2\/media?parent=642862"}],"wp:term":[{"taxonomy":"category","embeddable":true,"href":"https:\/\/www.europesays.com\/fr\/wp-json\/wp\/v2\/categories?post=642862"},{"taxonomy":"post_tag","embeddable":true,"href":"https:\/\/www.europesays.com\/fr\/wp-json\/wp\/v2\/tags?post=642862"}],"curies":[{"name":"wp","href":"https:\/\/api.w.org\/{rel}","templated":true}]}}