{"id":642863,"date":"2026-01-05T16:36:11","date_gmt":"2026-01-05T16:36:11","guid":{"rendered":"https:\/\/www.europesays.com\/fr\/642863\/"},"modified":"2026-01-05T16:36:11","modified_gmt":"2026-01-05T16:36:11","slug":"cette-situation-nous-rappelle-les-pires-moments-dingerence-en-amerique-latine-denonce-la-representante-de-la-colombie-a-lonu","status":"publish","type":"post","link":"https:\/\/www.europesays.com\/fr\/642863\/","title":{"rendered":"\u00ab\u00a0Cette situation nous rappelle les pires moments d&rsquo;ing\u00e9rence\u00a0\u00bb en Am\u00e9rique latine, d\u00e9nonce la repr\u00e9sentante de la Colombie \u00e0 l&rsquo;ONU"},"content":{"rendered":"<p>Op\u00e9ration des USA au Venezuela: \u00ab\u00a0Cette situation nous rappelle les pires moments d&rsquo;ing\u00e9rence\u00a0\u00bb en Am\u00e9rique latine, d\u00e9nonce la repr\u00e9sentante de la Colombie \u00e0 l&rsquo;ONUSur le m\u00eame sujet<a href=\"https:\/\/www.bfmtv.com\/international\/amerique-nord\/etats-unis\/video-qui-est-delcy-rodriguez-la-presidente-du-venezuela-par-interim_VN-202601050678.html\" title=\"Qui est Delcy Rodr\u00edguez, la pr\u00e9sidente du Venezuela par int\u00e9rim?\" target=\"_blank\" rel=\"noopener\"><img width=\"16\" height=\"9\" class=\"lozad\"  alt=\"Qui est Delcy Rodr\u00edguez, la pr\u00e9sidente du Venezuela par int\u00e9rim?\"\/>2:13Qui est Delcy Rodr\u00edguez, la pr\u00e9sidente du Venezuela par int\u00e9rim?<\/a><a href=\"https:\/\/www.bfmtv.com\/international\/amerique-nord\/etats-unis\/video-il-n-y-a-pas-de-guerre-menee-contre-le-venezuela-ou-sa-population-nous-n-occupons-pas-de-pays-affirme-le-representant-des-etats-unis-a-l-onu_VN-202601050674.html\" title=\"&quot;Il n&#039;y a pas de guerre men\u00e9e contre le Venezuela ou sa population, nous n&#039;occupons pas de pays&quot;, affirme le repr\u00e9sentant des \u00c9tats-Unis \u00e0 l&#039;ONU\" target=\"_blank\" rel=\"noopener\"><img width=\"16\" height=\"9\" class=\"lozad\"  alt=\"&quot;Il n'y a pas de guerre men\u00e9e contre le Venezuela ou sa population, nous n'occupons pas de pays&quot;, affirme le repr\u00e9sentant des \u00c9tats-Unis \u00e0 l'ONU\"\/>1:09&Prime;Il n&rsquo;y a pas de guerre men\u00e9e contre le Venezuela ou sa population, nous n&rsquo;occupons pas de pays\u00a0\u00bb, affirme le repr\u00e9sentant des \u00c9tats-Unis \u00e0 l&rsquo;ONU<\/a><a href=\"https:\/\/www.bfmtv.com\/international\/amerique-nord\/etats-unis\/video-operation-des-usa-au-venezuela-cette-situation-nous-rappelle-les-pires-moments-d-ingerence-en-amerique-latine-denonce-la-representante-de-la-colombie-a-l-onu_VN-202601050668.html\" title=\"Op\u00e9ration des USA au Venezuela: &quot;Cette situation nous rappelle les pires moments d&#039;ing\u00e9rence&quot; en Am\u00e9rique latine, d\u00e9nonce la repr\u00e9sentante de la Colombie \u00e0 l&#039;ONU\" target=\"_blank\" rel=\"noopener\"><img width=\"16\" height=\"9\" class=\"lozad\"  alt=\"Op\u00e9ration des USA au Venezuela: &quot;Cette situation nous rappelle les pires moments d'ing\u00e9rence&quot; en Am\u00e9rique latine, d\u00e9nonce la repr\u00e9sentante de la Colombie \u00e0 l'ONU\"\/>en lectureOp\u00e9ration des USA au Venezuela: \u00ab\u00a0Cette situation nous rappelle les pires moments d&rsquo;ing\u00e9rence\u00a0\u00bb en Am\u00e9rique latine, d\u00e9nonce la repr\u00e9sentante de la Colombie \u00e0 l&rsquo;ONU<\/a><a href=\"https:\/\/www.bfmtv.com\/international\/amerique-nord\/etats-unis\/video-capture-de-maduro-c-est-une-violation-de-toutes-les-normes-du-droit-international-fustige-la-russie_VN-202601050650.html\" title=\"Capture de Maduro: &quot;C&#039;est une violation de toutes les normes du droit international&quot;, fustige la Russie\" target=\"_blank\" rel=\"noopener\"><img width=\"16\" height=\"9\" class=\"lozad\"  alt=\"Capture de Maduro: &quot;C'est une violation de toutes les normes du droit international&quot;, fustige la Russie\"\/>2:04Capture de Maduro: \u00ab\u00a0C&rsquo;est une violation de toutes les normes du droit international\u00a0\u00bb, fustige la Russie<\/a><a href=\"https:\/\/www.bfmtv.com\/international\/amerique-nord\/etats-unis\/video-capture-de-nicolas-maduro-l-heure-est-grave-l-onu-se-dit-vivement-preoccupe_VN-202601050640.html\" title=\"Capture de Nicol\u00e1s Maduro: &quot;L&#039;heure est grave&quot;, l&#039;ONU se dit &quot;vivement pr\u00e9occup\u00e9&quot;\" target=\"_blank\" rel=\"noopener\"><img width=\"16\" height=\"9\" class=\"lozad\"  alt=\"Capture de Nicol\u00e1s Maduro: &quot;L'heure est grave&quot;, l'ONU se dit &quot;vivement pr\u00e9occup\u00e9&quot;\"\/>1:52Capture de Nicol\u00e1s Maduro: \u00ab\u00a0L&rsquo;heure est grave\u00a0\u00bb, l&rsquo;ONU se dit \u00ab\u00a0vivement pr\u00e9occup\u00e9\u00a0\u00bb<\/a><a href=\"https:\/\/www.bfmtv.com\/international\/amerique-nord\/etats-unis\/video-menaces-de-donald-trump-l-union-europeenne-continuera-d-etre-solidaire-vis-a-vis-du-danemark-et-du-groenland_VN-202601050476.html\" title=\"Menaces de Donald Trump: l&#039;Union europ\u00e9enne continuera d&#039;\u00eatre &quot;solidaire vis-\u00e0-vis du Danemark et du Groenland&quot;\" target=\"_blank\" rel=\"noopener\"><img width=\"16\" height=\"9\" class=\"lozad\"  alt=\"Menaces de Donald Trump: l'Union europ\u00e9enne continuera d'\u00eatre &quot;solidaire vis-\u00e0-vis du Danemark et du Groenland&quot;\"\/>0:50Menaces de Donald Trump: l&rsquo;Union europ\u00e9enne continuera d&rsquo;\u00eatre \u00ab\u00a0solidaire vis-\u00e0-vis du Danemark et du Groenland\u00a0\u00bb<\/a><a href=\"https:\/\/www.bfmtv.com\/international\/amerique-nord\/etats-unis\/video-la-colombie-est-tres-malade-aussi-dirigee-par-un-homme-malade-declare-donald-trump_VN-202601050458.html\" title=\"&quot;La Colombie est tr\u00e8s malade aussi, dirig\u00e9e par un homme malade&quot;, d\u00e9clare Donald Trump\" target=\"_blank\" rel=\"noopener\"><img width=\"16\" height=\"9\" class=\"lozad\"  alt=\"&quot;La Colombie est tr\u00e8s malade aussi, dirig\u00e9e par un homme malade&quot;, d\u00e9clare Donald Trump\"\/>1:06&Prime;La Colombie est tr\u00e8s malade aussi, dirig\u00e9e par un homme malade\u00a0\u00bb, d\u00e9clare Donald Trump<\/a><a href=\"https:\/\/www.bfmtv.com\/international\/moyen-orient\/iran\/video-apres-le-venezuela-donald-trump-menace-cuba-le-groenland-ou-encore-l-iran_VN-202601050444.html\" title=\"Apr\u00e8s le Venezuela, Donald Trump menace Cuba, le Groenland ou encore l&#039;Iran\" target=\"_blank\" rel=\"noopener\"><img width=\"16\" height=\"9\" class=\"lozad\"  alt=\"Apr\u00e8s le Venezuela, Donald Trump menace Cuba, le Groenland ou encore l'Iran\"\/>1:14Apr\u00e8s le Venezuela, Donald Trump menace Cuba, le Groenland ou encore l&rsquo;Iran<\/a><a href=\"https:\/\/www.bfmtv.com\/international\/amerique-nord\/etats-unis\/video-cuba-est-pret-a-tomber-affirme-donald-trump-apres-la-capture-du-president-venezuelien-nicolas-maduro-par-les-etats-unis_VN-202601050386.html\" title=\"&quot;Cuba est pr\u00eat \u00e0 tomber&quot;, affirme Donald Trump apr\u00e8s la capture du pr\u00e9sident v\u00e9n\u00e9zu\u00e9lien Nicolas Maduro par les \u00c9tats-Unis\" target=\"_blank\" rel=\"noopener\"><img width=\"16\" height=\"9\" class=\"lozad\"  alt=\"&quot;Cuba est pr\u00eat \u00e0 tomber&quot;, affirme Donald Trump apr\u00e8s la capture du pr\u00e9sident v\u00e9n\u00e9zu\u00e9lien Nicolas Maduro par les \u00c9tats-Unis\"\/>0:29&Prime;Cuba est pr\u00eat \u00e0 tomber\u00a0\u00bb, affirme Donald Trump apr\u00e8s la capture du pr\u00e9sident v\u00e9n\u00e9zu\u00e9lien Nicolas Maduro par les \u00c9tats-Unis<\/a><a href=\"https:\/\/www.bfmtv.com\/economie\/replay-emissions\/les-experts\/video-les-experts-trump-apres-le-venezuela-a-qui-le-tour-05-01_VN-202601050377.html\" title=\"Les Experts : Trump, apr\u00e8s le Venezuela... \u00e0 qui le tour ? - 05\/01\" target=\"_blank\" rel=\"noopener\"><img width=\"16\" height=\"9\" class=\"lozad\"  alt=\"Les Experts : Trump, apr\u00e8s le Venezuela... \u00e0 qui le tour ? - 05\/01\"\/>26:12Les Experts : Trump, apr\u00e8s le Venezuela&#8230; \u00e0 qui le tour ? &#8211; 05\/01<\/a><a href=\"https:\/\/www.bfmtv.com\/international\/amerique-nord\/etats-unis\/video-parlons-du-groenland-dans-20-jours-donald-trump-affirme-que-les-etats-unis-ont-besoin-du-groenland-du-point-de-vue-de-la-securite-nationale_VN-202601050370.html\" title=\"&quot;Parlons du Groenland dans 20 jours&quot; : Donald Trump affirme que les \u00c9tats-Unis ont &quot;besoin du Groenland du point de vue de la s\u00e9curit\u00e9 nationale&quot;\" target=\"_blank\" rel=\"noopener\"><img width=\"16\" height=\"9\" class=\"lozad\"  alt=\"&quot;Parlons du Groenland dans 20 jours&quot; : Donald Trump affirme que les \u00c9tats-Unis ont &quot;besoin du Groenland du point de vue de la s\u00e9curit\u00e9 nationale&quot;\"\/>0:58&Prime;Parlons du Groenland dans 20 jours\u00a0\u00bb : Donald Trump affirme que les \u00c9tats-Unis ont \u00ab\u00a0besoin du Groenland du point de vue de la s\u00e9curit\u00e9 nationale\u00a0\u00bb<\/a><a href=\"https:\/\/www.bfmtv.com\/economie\/replay-emissions\/good-morning-business\/video-l-europe-genee-face-a-l-offensive-americaine_VN-202601050182.html\" title=\"L&#039;Europe g\u00ean\u00e9e face \u00e0 l&#039;offensive am\u00e9ricaine \" target=\"_blank\" rel=\"noopener\"><img width=\"16\" height=\"9\" class=\"lozad\"  alt=\"L'Europe g\u00ean\u00e9e face \u00e0 l'offensive am\u00e9ricaine \"\/>1:13L&rsquo;Europe g\u00ean\u00e9e face \u00e0 l&rsquo;offensive am\u00e9ricaine<\/a><a href=\"https:\/\/www.bfmtv.com\/international\/amerique-nord\/etats-unis\/video-venezuela-le-groenland-l-iran-l-ukraine-ou-encore-le-taiwan-dans-le-viseur-de-donald-trump_VN-202601050153.html\" title=\"\u00c9DITO - Groenland, Iran...quelle sera la prochaine cible de Donald Trump?\" target=\"_blank\" rel=\"noopener\"><img width=\"16\" height=\"9\" class=\"lozad\"  alt=\"\u00c9DITO - Groenland, Iran...quelle sera la prochaine cible de Donald Trump?\"\/>3:45\u00c9DITO &#8211; Groenland, Iran&#8230;quelle sera la prochaine cible de Donald Trump?<\/a><a href=\"https:\/\/www.bfmtv.com\/economie\/replay-emissions\/le-monde-qui-bouge\/video-annalisa-cappellini-apres-maduro-qui-pour-diriger-le-venezuela-05-01_VN-202601050143.html\" title=\"Annalisa Cappellini : Apr\u00e8s Maduro, qui pour diriger le Venezuela ? - 05\/01\" target=\"_blank\" rel=\"noopener\"><img width=\"16\" height=\"9\" class=\"lozad\"  alt=\"Annalisa Cappellini : Apr\u00e8s Maduro, qui pour diriger le Venezuela ? - 05\/01\"\/>4:14Annalisa Cappellini : Apr\u00e8s Maduro, qui pour diriger le Venezuela ? &#8211; 05\/01<\/a><a class=\"jumpToVideo\" target=\"_blank\"><img class=\"thumbnailPreview\"\/><\/a><\/p>\n","protected":false},"excerpt":{"rendered":"Op\u00e9ration des USA au Venezuela: \u00ab\u00a0Cette situation nous rappelle les pires moments d&rsquo;ing\u00e9rence\u00a0\u00bb en Am\u00e9rique latine, d\u00e9nonce la&hellip;\n","protected":false},"author":2,"featured_media":642864,"comment_status":"","ping_status":"","sticky":false,"template":"","format":"standard","meta":{"footnotes":""},"categories":[1589],"tags":[11,73,1866,12,1864,1865,1863,308],"class_list":{"0":"post-642863","1":"post","2":"type-post","3":"status-publish","4":"format-standard","5":"has-post-thumbnail","7":"category-etats-unis","8":"tag-actualites","9":"tag-etats-unis","10":"tag-etats-unis-damerique","11":"tag-news","12":"tag-united-states","13":"tag-united-states-of-america","14":"tag-us","15":"tag-usa"},"share_on_mastodon":{"url":"https:\/\/pubeurope.com\/@fr\/115843470696402818","error":""},"_links":{"self":[{"href":"https:\/\/www.europesays.com\/fr\/wp-json\/wp\/v2\/posts\/642863","targetHints":{"allow":["GET"]}}],"collection":[{"href":"https:\/\/www.europesays.com\/fr\/wp-json\/wp\/v2\/posts"}],"about":[{"href":"https:\/\/www.europesays.com\/fr\/wp-json\/wp\/v2\/types\/post"}],"author":[{"embeddable":true,"href":"https:\/\/www.europesays.com\/fr\/wp-json\/wp\/v2\/users\/2"}],"replies":[{"embeddable":true,"href":"https:\/\/www.europesays.com\/fr\/wp-json\/wp\/v2\/comments?post=642863"}],"version-history":[{"count":0,"href":"https:\/\/www.europesays.com\/fr\/wp-json\/wp\/v2\/posts\/642863\/revisions"}],"wp:featuredmedia":[{"embeddable":true,"href":"https:\/\/www.europesays.com\/fr\/wp-json\/wp\/v2\/media\/642864"}],"wp:attachment":[{"href":"https:\/\/www.europesays.com\/fr\/wp-json\/wp\/v2\/media?parent=642863"}],"wp:term":[{"taxonomy":"category","embeddable":true,"href":"https:\/\/www.europesays.com\/fr\/wp-json\/wp\/v2\/categories?post=642863"},{"taxonomy":"post_tag","embeddable":true,"href":"https:\/\/www.europesays.com\/fr\/wp-json\/wp\/v2\/tags?post=642863"}],"curies":[{"name":"wp","href":"https:\/\/api.w.org\/{rel}","templated":true}]}}