{"id":642870,"date":"2026-01-05T16:40:39","date_gmt":"2026-01-05T16:40:39","guid":{"rendered":"https:\/\/www.europesays.com\/fr\/642870\/"},"modified":"2026-01-05T16:40:39","modified_gmt":"2026-01-05T16:40:39","slug":"mercosur-lue-compte-bientot-signer-laccord-actualites","status":"publish","type":"post","link":"https:\/\/www.europesays.com\/fr\/642870\/","title":{"rendered":"Mercosur: l&rsquo;UE compte bient\u00f4t signer l&rsquo;accord : Actualit\u00e9s"},"content":{"rendered":"<p class=\"lead \">La Commission europ\u00e9enne n&rsquo;en d\u00e9mord pas: Bruxelles esp\u00e8re \u00ab\u00a0bient\u00f4t\u00a0\u00bb signer l&rsquo;accord commercial avec les pays latino-am\u00e9ricains du Mercosur, gr\u00e2ce \u00e0 des \u00ab\u00a0progr\u00e8s\u00a0\u00bb dans les discussions entre Europ\u00e9ens, malgr\u00e9 la col\u00e8re des agriculteurs.<\/p>\n<p class=\"lead \">Ce lundi, la porte-parole de la Commission, Paula Pinho, n&rsquo;a pas confirm\u00e9 la date du 12 janvier envisag\u00e9e pour approuver ce trait\u00e9 de libre-\u00e9change avec l&rsquo;Am\u00e9rique latine.<\/p>\n<p class=\"lead \">Mais l&rsquo;Union europ\u00e9enne est sur la \u00ab\u00a0bonne route\u00a0\u00bb pour cette signature, a-t-elle affirm\u00e9, gr\u00e2ce \u00e0 des \u00ab\u00a0discussions\u00a0\u00bb au sein des Vingt-Sept, du \u00ab\u00a0travail\u00a0\u00bb et des \u00ab\u00a0progr\u00e8s\u00a0\u00bb.<\/p>\n<p class=\"lead \">Avant de s&rsquo;envoler pour l&rsquo;Am\u00e9rique latine, la pr\u00e9sidente de la Commission Ursula von der Leyen doit d&rsquo;abord obtenir le feu vert des \u00c9tats membres \u00e0 la majorit\u00e9 qualifi\u00e9e.<\/p>\n<p class=\"lead \">Ce vote pourrait avoir lieu vendredi lors d&rsquo;une r\u00e9union entre les repr\u00e9sentants des Vingt-Sept, selon des diplomates.<\/p>\n<p class=\"lead \">Auparavant, les ministres de l&rsquo;Agriculture des pays europ\u00e9ens sont convi\u00e9s \u00e0 une r\u00e9union sp\u00e9ciale mercredi \u00e0 Bruxelles. A l&rsquo;ordre du jour: l&rsquo;accord avec le Mercosur mais aussi l&rsquo;avenir de la politique agricole commune, \u00e9galement au c\u0153ur des inqui\u00e9tudes des agriculteurs.<\/p>\n<p class=\"lead \">Le trait\u00e9 de libre-\u00e9change avec l&rsquo;Argentine, le Br\u00e9sil, le Paraguay et l&rsquo;Uruguay permettrait notamment \u00e0 l&rsquo;UE d&rsquo;y exporter davantage de voitures, machines, vins et spiritueux.<\/p>\n<p class=\"lead \">Dans le sens inverse, il faciliterait l&rsquo;entr\u00e9e en Europe de viande, sucre, riz, miel et soja sud-am\u00e9ricains, ce qui alarme les fili\u00e8res concern\u00e9es.<\/p>\n<p class=\"lead \">La Commission esp\u00e9rait signer cet accord d\u00e8s le mois de d\u00e9cembre, mais elle avait \u00e9t\u00e9 contrainte de reculer sous la pression de la France et de l&rsquo;Italie.<\/p>\n<p class=\"lead \">Malgr\u00e9 ce report, Ursula von der Leyen reste \u00ab\u00a0confiante\u00a0\u00bb quant \u00e0 la perspective d&rsquo;aboutir \u00e0 un accord, apr\u00e8s plus de vingt-cinq ans de n\u00e9gociations avec les pays du Mercosur.<\/p>\n<p class=\"lead \">&#8211; Un geste sur la PAC ? &#8211;<\/p>\n<p class=\"lead \">Ce trait\u00e9 est ardemment soutenu par l&rsquo;Espagne et par l&rsquo;Allemagne, qui veut relancer son industrie, bouscul\u00e9e par la concurrence chinoise et les droits de douane aux \u00c9tats-Unis.<\/p>\n<p class=\"lead \">L&rsquo;Italie, qui avait souffl\u00e9 le chaud et le froid, pourrait aussi donner son aval. Tout en demandant un report en d\u00e9cembre, la cheffe du gouvernement Giorgia Meloni avait assur\u00e9 qu&rsquo;elle finirait par valider l&rsquo;accord.<\/p>\n<p class=\"lead \">Sans les Italiens, la Hongrie, la Pologne et la France ne sont pas en mesure de former une minorit\u00e9 de blocage pour barrer la route \u00e0 ce trait\u00e9, qui suscite toujours la col\u00e8re du monde agricole.<\/p>\n<p class=\"lead \"> A Paris, le Premier ministre S\u00e9bastien Lecornu re\u00e7oit ce lundi et mardi les syndicats d&rsquo;agriculteurs pour tenter de d\u00e9samorcer les tensions.<\/p>\n<p class=\"lead \">Le monde agricole fran\u00e7ais est secou\u00e9 par une s\u00e9rie de crises: \u00e9pizootie de dermatose nodulaire contagieuse (DNC) qui frappe les bovins, faible cours du bl\u00e9 et prix \u00e9lev\u00e9 des engrais qui plombent les c\u00e9r\u00e9aliers et menace d&rsquo;une concurrence accrue des pays du Mercosur.<\/p>\n<p class=\"lead \">En pleine op\u00e9ration d\u00e9minage, le gouvernement a promis un d\u00e9cret pour suspendre l&rsquo;importation en France de fruits et l\u00e9gumes contenant des r\u00e9sidus de cinq fongicides et herbicides interdits en Europe. Sont concern\u00e9s avocats, mangues, goyaves, agrumes, raisins, pommes, melons, cerises, fraises ou pommes de terre \u00ab\u00a0d&rsquo;Am\u00e9rique du Sud ou d&rsquo;ailleurs\u00a0\u00bb, selon Paris.<\/p>\n<p class=\"lead \">La mesure devra toutefois obtenir l&rsquo;aval de Bruxelles dans un d\u00e9lai de dix jours, a rappel\u00e9 la Commission.<\/p>\n<p class=\"lead \">L&rsquo;ex\u00e9cutif europ\u00e9en \u00ab\u00a0travaille d\u00e9j\u00e0\u00a0\u00bb par ailleurs \u00ab\u00a0\u00e0 \u00e9tablir que les pesticides les plus dangereux, interdits dans l&rsquo;Union europ\u00e9enne pour des raisons de sant\u00e9 et d&rsquo;environnement, ne soient pas r\u00e9introduits dans l&rsquo;UE via des produits import\u00e9s\u00a0\u00bb, a soulign\u00e9 une porte-parole de la Commission, Eva Hrncirova.<\/p>\n<p class=\"lead \">Aux yeux du gouvernement fran\u00e7ais, le trait\u00e9 avec le Mercosur n&rsquo;est toujours \u00ab\u00a0pas acceptable en l&rsquo;\u00e9tat\u00a0\u00bb. Paris attend en outre un geste en faveur des revenus des agriculteurs dans la future politique agricole commune, que la Commission est accus\u00e9e de vouloir \u00ab\u00a0diluer\u00a0\u00bb dans son projet de budget europ\u00e9en 2028-2034.<\/p>\n<p class=\"lead \"> Pour une meilleure PAC et contre le Mercosur, des milliers d&rsquo;agriculteurs \u00e9taient venus faire entendre leur m\u00e9contentement \u00e0 Bruxelles le 18 d\u00e9cembre en marge d&rsquo;un sommet europ\u00e9en entre chefs d&rsquo;\u00c9tat et de gouvernement.<\/p>\n<p class=\"lead \">Ils reprochent aux pays du Mercosur de ne pas respecter les r\u00e9glementations environnementales et sociales auxquelles eux-m\u00eames sont soumis.<\/p>\n<p class=\"small font-weight-bold text-gray3 \"> publi\u00e9 le 5 janvier \u00e0 16h31, AFP<\/p>\n<p>                             Partager<\/p>\n","protected":false},"excerpt":{"rendered":"La Commission europ\u00e9enne n&rsquo;en d\u00e9mord pas: Bruxelles esp\u00e8re \u00ab\u00a0bient\u00f4t\u00a0\u00bb signer l&rsquo;accord commercial avec les pays latino-am\u00e9ricains du Mercosur,&hellip;\n","protected":false},"author":2,"featured_media":642871,"comment_status":"","ping_status":"","sticky":false,"template":"","format":"standard","meta":{"footnotes":""},"categories":[1586],"tags":[13790,39758,11,327,215,1777,674,1779,1011,27,418,21426,12,9640,32226,316,25,1778,364],"class_list":{"0":"post-642870","1":"post","2":"type-post","3":"status-publish","4":"format-standard","5":"has-post-thumbnail","7":"category-europe","8":"tag-conomie","9":"tag-levage","10":"tag-actualites","11":"tag-agriculture","12":"tag-commerce","13":"tag-eu","14":"tag-europe","15":"tag-european-union","16":"tag-fr","17":"tag-france","18":"tag-gouvernement","19":"tag-mercosur","20":"tag-news","21":"tag-organisation","22":"tag-patronat","23":"tag-politique","24":"tag-republique-francaise","25":"tag-ue","26":"tag-union-europeenne"},"share_on_mastodon":{"url":"https:\/\/pubeurope.com\/@fr\/115843486432565157","error":""},"_links":{"self":[{"href":"https:\/\/www.europesays.com\/fr\/wp-json\/wp\/v2\/posts\/642870","targetHints":{"allow":["GET"]}}],"collection":[{"href":"https:\/\/www.europesays.com\/fr\/wp-json\/wp\/v2\/posts"}],"about":[{"href":"https:\/\/www.europesays.com\/fr\/wp-json\/wp\/v2\/types\/post"}],"author":[{"embeddable":true,"href":"https:\/\/www.europesays.com\/fr\/wp-json\/wp\/v2\/users\/2"}],"replies":[{"embeddable":true,"href":"https:\/\/www.europesays.com\/fr\/wp-json\/wp\/v2\/comments?post=642870"}],"version-history":[{"count":0,"href":"https:\/\/www.europesays.com\/fr\/wp-json\/wp\/v2\/posts\/642870\/revisions"}],"wp:featuredmedia":[{"embeddable":true,"href":"https:\/\/www.europesays.com\/fr\/wp-json\/wp\/v2\/media\/642871"}],"wp:attachment":[{"href":"https:\/\/www.europesays.com\/fr\/wp-json\/wp\/v2\/media?parent=642870"}],"wp:term":[{"taxonomy":"category","embeddable":true,"href":"https:\/\/www.europesays.com\/fr\/wp-json\/wp\/v2\/categories?post=642870"},{"taxonomy":"post_tag","embeddable":true,"href":"https:\/\/www.europesays.com\/fr\/wp-json\/wp\/v2\/tags?post=642870"}],"curies":[{"name":"wp","href":"https:\/\/api.w.org\/{rel}","templated":true}]}}