{"id":642878,"date":"2026-01-05T16:44:10","date_gmt":"2026-01-05T16:44:10","guid":{"rendered":"https:\/\/www.europesays.com\/fr\/642878\/"},"modified":"2026-01-05T16:44:10","modified_gmt":"2026-01-05T16:44:10","slug":"une-vraie-chance-pour-moi-comment-la-france-a-naturalise-la-pepite-du-golf-ukrainien-avant-lamerique-de-trump","status":"publish","type":"post","link":"https:\/\/www.europesays.com\/fr\/642878\/","title":{"rendered":"\u00ab\u00a0Une vraie chance pour moi\u00a0\u00bb\u00a0: comment la France a naturalis\u00e9 la p\u00e9pite du golf ukrainien avant l\u2019Am\u00e9rique de Trump"},"content":{"rendered":"<p class=\"\">\u00ab C\u2019est un vrai honneur \u00bb, sourit Lev, dans un fran\u00e7ais parfait, lui qui, il y a encore trois ans, ne parlait pas un mot de notre langue. Mais Lev est un bosseur, un surdou\u00e9. Un gamin d\u00e9termin\u00e9 surtout. Gr\u00e2ce \u00e0 la F\u00e9d\u00e9ration fran\u00e7aise de golf, qui l\u2019a pris sous son aile, il a vu son r\u00eave se r\u00e9aliser. Loin des bombes qui ravagent son pays depuis bient\u00f4t 4 ans et notamment la r\u00e9gion de Kiev, o\u00f9 vit encore sa famille.<\/p>\n","protected":false},"excerpt":{"rendered":"\u00ab C\u2019est un vrai honneur \u00bb, sourit Lev, dans un fran\u00e7ais parfait, lui qui, il y a encore&hellip;\n","protected":false},"author":2,"featured_media":642879,"comment_status":"","ping_status":"","sticky":false,"template":"","format":"standard","meta":{"footnotes":""},"categories":[1418],"tags":[1011,27,1472,60],"class_list":{"0":"post-642878","1":"post","2":"type-post","3":"status-publish","4":"format-standard","5":"has-post-thumbnail","7":"category-golf","8":"tag-fr","9":"tag-france","10":"tag-golf","11":"tag-sports"},"share_on_mastodon":{"url":"https:\/\/pubeurope.com\/@fr\/115843502221049580","error":""},"_links":{"self":[{"href":"https:\/\/www.europesays.com\/fr\/wp-json\/wp\/v2\/posts\/642878","targetHints":{"allow":["GET"]}}],"collection":[{"href":"https:\/\/www.europesays.com\/fr\/wp-json\/wp\/v2\/posts"}],"about":[{"href":"https:\/\/www.europesays.com\/fr\/wp-json\/wp\/v2\/types\/post"}],"author":[{"embeddable":true,"href":"https:\/\/www.europesays.com\/fr\/wp-json\/wp\/v2\/users\/2"}],"replies":[{"embeddable":true,"href":"https:\/\/www.europesays.com\/fr\/wp-json\/wp\/v2\/comments?post=642878"}],"version-history":[{"count":0,"href":"https:\/\/www.europesays.com\/fr\/wp-json\/wp\/v2\/posts\/642878\/revisions"}],"wp:featuredmedia":[{"embeddable":true,"href":"https:\/\/www.europesays.com\/fr\/wp-json\/wp\/v2\/media\/642879"}],"wp:attachment":[{"href":"https:\/\/www.europesays.com\/fr\/wp-json\/wp\/v2\/media?parent=642878"}],"wp:term":[{"taxonomy":"category","embeddable":true,"href":"https:\/\/www.europesays.com\/fr\/wp-json\/wp\/v2\/categories?post=642878"},{"taxonomy":"post_tag","embeddable":true,"href":"https:\/\/www.europesays.com\/fr\/wp-json\/wp\/v2\/tags?post=642878"}],"curies":[{"name":"wp","href":"https:\/\/api.w.org\/{rel}","templated":true}]}}