{"id":642892,"date":"2026-01-05T16:54:37","date_gmt":"2026-01-05T16:54:37","guid":{"rendered":"https:\/\/www.europesays.com\/fr\/642892\/"},"modified":"2026-01-05T16:54:37","modified_gmt":"2026-01-05T16:54:37","slug":"jeremie-villet-lhomme-du-blanc","status":"publish","type":"post","link":"https:\/\/www.europesays.com\/fr\/642892\/","title":{"rendered":"J\u00e9r\u00e9mie Villet, l&rsquo;homme du blanc"},"content":{"rendered":"<p class=\"PopSlotParagraph qg-tx2 qg-xtra-lh svelte-1r0pyek\">Le\u00a0blanc se d\u00e9cline \u00e0 l\u2019infini dans l\u2019immensit\u00e9 du\u00a0<a href=\"https:\/\/www.radiofrance.fr\/franceculture\/podcasts\/la-revue-de-presse-internationale\/la-revue-de-presse-internationale-emission-du-jeudi-25-decembre-2025-6336807\" class=\"\" data-testid=\"link\" target=\"_blank\" rel=\"noopener\">Yukon<\/a>, province situ\u00e9e au nord-ouest du Canada. Une nature sauvage o\u00f9 la neige se fait parfois attendre. Lui aussi attend. Son m\u00e9tier est d\u2019attendre. Attendre de capter la beaut\u00e9. \u00ab\u00a0Avec la neige, j&rsquo;arrive \u00e0 retranscrire la beaut\u00e9 que l&rsquo;on ressent tous avec nos cinq sens quand on va dans la nature. On ressent de l&rsquo;harmonie, de la puret\u00e9, des \u00e9motions brutes\u00a0\u00bb, dit J\u00e9r\u00e9mie Villet.<\/p>\n<p> J\u00e9r\u00e9mie Villet est photographe animalier<\/p>\n<p class=\"PopSlotParagraph qg-tx2 qg-xtra-lh svelte-1r0pyek\">L\u2019\u00e9merveillement est son carburant. Le blanc, sa couleur, son d\u00e9cor. Et il aime attendre. Attendre pour fixer le temps d\u2019une photo un aigle noir, un ourson brun, ou une chouette aux yeux jaunes, dans l\u2019\u00e9tendue immacul\u00e9e. Chaque clich\u00e9 se m\u00e9tamorphose en \u0153uvre d\u2019art, des monochromes sublimes et intenses.<\/p>\n<p class=\"PopSlotParagraph qg-tx2 qg-xtra-lh svelte-1r0pyek\">Mais ces sc\u00e8nes de vie naturelle se m\u00e9ritent, requi\u00e8rent du temps donc, du silence, n\u00e9cessitent des heures de marche dans des temp\u00e9ratures avoisinant -60 \u00b0C.<\/p>\n<p> Se fondre avec la nature<\/p>\n<p class=\"PopSlotParagraph qg-tx2 qg-xtra-lh svelte-1r0pyek\">Le froid vient se cristalliser sur ses cils.\u00a0Les engelures le font souffrir\u00a0: \u00ab\u00a0On peut rien faire quand il faut toucher les boutons. Faut des plus petits gants. En deux secondes, en touchant du m\u00e9tal, tu te br\u00fbles les doigts\u00a0\u00bb, dit-il alors qu&rsquo;il lutte contre le vent dans une mer de neige. Avant de s&rsquo;enthousiasmer par l&rsquo;arriv\u00e9e d&rsquo;un renard, \u00ab\u00a0un tout petit point noir qui court dans la cr\u00e8me de neige&#8230; On dirait de la stracciatella. C&rsquo;est trop, trop beau. Quand tu vois un animal, tu oublies compl\u00e8tement que tu as froid\u00a0\u00bb.<\/p>\n<p class=\"PopSlotParagraph qg-tx2 qg-xtra-lh svelte-1r0pyek\">Le documentaire, intitul\u00e9 Yukon\u00a0: un r\u00eave blanc, retrace ainsi une exp\u00e9dition men\u00e9e \u00e0 l&rsquo;hiver 2019-2020. J\u00e9r\u00e9mie Villet\u00a0est suivi par le r\u00e9alisateur Mathieu Le Lay. Les deux hommes se fondent dans cette nature, parfois hostile. Trois semaines d\u2019ascension. Dormir \u00e0 m\u00eame le sol enneig\u00e9. Grimper une pente abrupte. Et attendre encore.<\/p>\n<p class=\"PopSlotParagraph qg-tx2 qg-xtra-lh svelte-1r0pyek\">Attendre d\u2019apercevoir des ch\u00e8vres des montagnes. Avec son pelage blanc, l\u2019animal dispara\u00eet dans le paysage.<br \/>\u00a0Il faut donc de la concentration. De la patience. Un peu de chance aussi. Et puis, tout \u00e0 coup, dans le silence de cette \u00e9tendue de blanc, J\u00e9r\u00e9mie Villet la voit\u00a0: \u00ab\u00a0Elle est l\u00e0. Elle me regarde. Elle regarde le sapin. Elle ne bouge pas\u00a0! Elle est juste l\u00e0, immobile, \u00e0 regarder tout le paysage. Elle est encore un peu loin, mais c&rsquo;est motivant \u00e7a. Juste un point, un animal au loin&#8230; Je peux aller me coucher, penser \u00e0 \u00e7a, imaginer une photo, l&rsquo;approche demain&#8230; Pendant une demi-seconde, j&rsquo;ai oubli\u00e9 que j&rsquo;avais mal au dos\u00a0\u00bb.<\/p>\n<p> La\u00a0photo est incroyable de beaut\u00e9, encore une fois<\/p>\n<p class=\"PopSlotParagraph qg-tx2 qg-xtra-lh svelte-1r0pyek\">Cette qu\u00eate de la perfection artistique, ce d\u00e9sir de respecter la nature, cette envie de transmettre sa passion pour la faune nourrissent le parcours de J\u00e9r\u00e9mie Villet. Et transpirent dans chaque s\u00e9quence de ce documentaire nous plongeant dans une sorte de bien-\u00eatre o\u00f9 le silence r\u00e8gne. O\u00f9 le blanc apaise.<\/p>\n<p class=\"PopSlotParagraph qg-tx2 qg-xtra-lh svelte-1r0pyek\">J\u00e9r\u00e9mie Villet est un r\u00eaveur, un po\u00e8te. Un explorateur du XXIe si\u00e8cle. Un \u00eatre \u00e0 part en qu\u00eate d\u2019une exp\u00e9rience sensorielle qu&rsquo;il d\u00e9sire partager \u00e0 travers nos \u00e9crans.<\/p>\n<p class=\"PopSlotParagraph qg-tx2 qg-xtra-lh svelte-1r0pyek\"><strong>Ce documentaire intitul\u00e9<\/strong>\u00a0<a href=\"https:\/\/www.arte.tv\/fr\/videos\/095160-000-A\/yukon-un-reve-blanc\/\" target=\"_blank\" rel=\"noopener noreferrer\" class=\"\" data-testid=\"link\">\u00ab\u00a0Yukon, un r\u00eave blanc\u00a0\u00bb<\/a>\u00a0<strong>est diffus\u00e9 ce soir sur Ushua\u00efa TV \u00e0 21h45.<\/strong>\u00a0<strong>Il est \u00e9galement disponible sur la plateforme arte.tv<\/strong><\/p>\n","protected":false},"excerpt":{"rendered":"Le\u00a0blanc se d\u00e9cline \u00e0 l\u2019infini dans l\u2019immensit\u00e9 du\u00a0Yukon, province situ\u00e9e au nord-ouest du Canada. Une nature sauvage o\u00f9&hellip;\n","protected":false},"author":2,"featured_media":642893,"comment_status":"","ping_status":"","sticky":false,"template":"","format":"standard","meta":{"footnotes":""},"categories":[1358],"tags":[1348,1384,1385,1386,58,59,1011,27],"class_list":{"0":"post-642892","1":"post","2":"type-post","3":"status-publish","4":"format-standard","5":"has-post-thumbnail","7":"category-arts-et-design","8":"tag-arts","9":"tag-arts-and-design","10":"tag-arts-et-design","11":"tag-design","12":"tag-divertissement","13":"tag-entertainment","14":"tag-fr","15":"tag-france"},"share_on_mastodon":{"url":"https:\/\/pubeurope.com\/@fr\/115843541417670366","error":""},"_links":{"self":[{"href":"https:\/\/www.europesays.com\/fr\/wp-json\/wp\/v2\/posts\/642892","targetHints":{"allow":["GET"]}}],"collection":[{"href":"https:\/\/www.europesays.com\/fr\/wp-json\/wp\/v2\/posts"}],"about":[{"href":"https:\/\/www.europesays.com\/fr\/wp-json\/wp\/v2\/types\/post"}],"author":[{"embeddable":true,"href":"https:\/\/www.europesays.com\/fr\/wp-json\/wp\/v2\/users\/2"}],"replies":[{"embeddable":true,"href":"https:\/\/www.europesays.com\/fr\/wp-json\/wp\/v2\/comments?post=642892"}],"version-history":[{"count":0,"href":"https:\/\/www.europesays.com\/fr\/wp-json\/wp\/v2\/posts\/642892\/revisions"}],"wp:featuredmedia":[{"embeddable":true,"href":"https:\/\/www.europesays.com\/fr\/wp-json\/wp\/v2\/media\/642893"}],"wp:attachment":[{"href":"https:\/\/www.europesays.com\/fr\/wp-json\/wp\/v2\/media?parent=642892"}],"wp:term":[{"taxonomy":"category","embeddable":true,"href":"https:\/\/www.europesays.com\/fr\/wp-json\/wp\/v2\/categories?post=642892"},{"taxonomy":"post_tag","embeddable":true,"href":"https:\/\/www.europesays.com\/fr\/wp-json\/wp\/v2\/tags?post=642892"}],"curies":[{"name":"wp","href":"https:\/\/api.w.org\/{rel}","templated":true}]}}