{"id":642894,"date":"2026-01-05T16:56:11","date_gmt":"2026-01-05T16:56:11","guid":{"rendered":"https:\/\/www.europesays.com\/fr\/642894\/"},"modified":"2026-01-05T16:56:11","modified_gmt":"2026-01-05T16:56:11","slug":"jimmy-kimmel-remercie-donald-trump-pour-toutes-les-choses-stupides-quil-fait-chaque-jour","status":"publish","type":"post","link":"https:\/\/www.europesays.com\/fr\/642894\/","title":{"rendered":"Jimmy Kimmel remercie Donald Trump \u00ab\u00a0pour toutes les choses stupides\u00a0\u00bb qu\u2019il fait \u00ab\u00a0chaque jour\u00a0\u00bb"},"content":{"rendered":"<p>Il va falloir s\u2019attendre \u00e0 <a href=\"https:\/\/www.20minutes.fr\/monde\/etats-unis\/4186473-20251119-etats-unis-tais-truie-menace-violente-colere-trump-contre-deux-journalistes\" target=\"_blank\" class=\"c-link c-link--is-underlined\" rel=\"noopener\">la fureur de Donald Trump<\/a> contre les <a href=\"https:\/\/www.20minutes.fr\/arts-stars\/cinema\/oscars\/4194372-20260105-timothee-chalamet-sacre-meilleur-acteur-critics-choice-awards-acteur-remercie-compagne-kylie-jenner\" target=\"_blank\" class=\"c-link c-link--is-underlined\" rel=\"noopener\">Critics Choice Awards<\/a>. La <a href=\"https:\/\/www.20minutes.fr\/people\/4019026-20230116-everything-everywhere-all-at-once-gagne-gros-critics-choice-awards\" target=\"_blank\" class=\"c-link c-link--is-underlined\" rel=\"noopener\">c\u00e9r\u00e9monie de remise de prix<\/a>, compos\u00e9e de journalistes am\u00e9ricains et canadiens, a couronn\u00e9 le Jimmy Kimmel Live\u00a0! meilleur talk-show de l\u2019ann\u00e9e ce 4\u00a0janvier.<\/p>\n<p>L\u2019animateur et son \u00e9mission avaient \u00e9t\u00e9 <a href=\"https:\/\/www.20minutes.fr\/monde\/etats-unis\/4173771-20250918-apres-avoir-accuse-bande-maga-trump-instrumentaliser-mort-charlie-kirk-celebre-animateur-suspendu\" target=\"_blank\" class=\"c-link c-link--is-underlined\" rel=\"noopener\">suspendus mi-septembre<\/a> dernier apr\u00e8s le monologue d\u2019ouverture sur <a href=\"https:\/\/www.20minutes.fr\/monde\/etats-unis\/4179390-20251015-etats-unis-trump-decore-titre-posthume-influenceur-assassine-charlie-kirk\" target=\"_blank\" class=\"c-link c-link--is-underlined\" rel=\"noopener\">l\u2019influenceur d\u2019extr\u00eame droite Charlie Kirk<\/a>, assassin\u00e9 lors d\u2019un d\u00e9bat sur le campus de l\u2019Utah Valley University. Donald Trump s\u2019\u00e9tait <a href=\"https:\/\/www.20minutes.fr\/arts-stars\/medias\/4173818-20250918-animateur-jimmy-kimmel-prive-antenne-apres-propos-charlie-kirk-grande-satisfaction-donald-trump\" target=\"_blank\" class=\"c-link c-link--is-underlined\" rel=\"noopener\">vivement r\u00e9joui de cette \u00e9viction<\/a>, tandis que les patrons de <a href=\"https:\/\/www.20minutes.fr\/dossier\/disney\" class=\"c-link c-link--is-underlined\" target=\"_blank\" rel=\"noopener\">Disney<\/a>, qui diffuse l\u2019\u00e9mission sur la cha\u00eene ABC, l\u2019avaient remis \u00e0 l\u2019antenne au bout d\u2019une semaine face <a href=\"https:\/\/www.20minutes.fr\/arts-stars\/people\/4176740-20251004-disney-perdu-1-7-million-abonnes-suite-limogeage-expeditif-jimmy-kimmel\" target=\"_blank\" class=\"c-link c-link--is-underlined\" rel=\"noopener\">aux d\u00e9sabonnements en hausse<\/a> et aux critiques re\u00e7ues.<\/p>\n<p>De fait, en recevant son prix, Jimmy Kimmel, qui <a href=\"https:\/\/www.20minutes.fr\/arts-stars\/people\/4178359-20251012-jimmy-kimmel-paye-nouveau-tete-donald-trump-delectation\" target=\"_blank\" class=\"c-link c-link--is-underlined\" rel=\"noopener\">ne rate jamais une occasion<\/a> de tourner en ridicule le pr\u00e9sident des Etats-Unis, a remerci\u00e9 le chef de l\u2019Etat am\u00e9ricain pour lui donner des opportunit\u00e9s quotidiennes de faire son \u00e9mission.<\/p>\n<p>Deux semaines de chaos<\/p>\n<p>\u00ab\u00a0Je voudrais remercier notre pr\u00e9sident, Donald Trump, sans qui nous serions rentr\u00e9s \u00e0 la maison les mains vides ce soir. Alors, merci, M.\u00a0le Pr\u00e9sident, pour toutes les choses ridicules que vous faites jour apr\u00e8s jour\u00a0\u00bb, <a href=\"https:\/\/eu.usatoday.com\/story\/entertainment\/tv\/2026\/01\/04\/jimmy-kimmel-donald-trump-critics-choice-award\/88023479007\/\" rel=\"nofollow noopener\" target=\"_blank\" class=\"c-link c-link--is-underlined\">a lanc\u00e9<\/a> Jimmy Kimmel devant un parterre hilare. \u00ab\u00a0Nous venons de passer deux semaines exceptionnelles et nous sommes impatients de reprendre l\u2019antenne demain soir pour en parler.\u00a0\u00bb<\/p>\n<p>Il faut dire qu\u2019il s\u2019en est pass\u00e9 des choses en deux semaines. Jimmy Kimmel pourrait aborder, bien s\u00fbr, la capture du pr\u00e9sident v\u00e9n\u00e9zu\u00e9lien Nicol\u00e1s Maduro afin qu\u2019il soit <a href=\"https:\/\/www.20minutes.fr\/monde\/etats-unis\/4194197-20260104-direct-attaque-americaine-venezuela-chine-exige-etats-unis-liberation-immediate-maduro\" target=\"_blank\" class=\"c-link c-link--is-underlined\" rel=\"noopener\">jug\u00e9 \u00e0 New York pour narcotrafic<\/a>, tout en annon\u00e7ant que les Etats-Unis \u00ab\u00a0g\u00e8rent\u00a0\u00bb dor\u00e9navant le Venezuela o\u00f9 <a href=\"https:\/\/www.20minutes.fr\/monde\/etats-unis\/4193998-20260102-venezuela-maduro-dit-pret-dialoguer-etats-unis-narcotrafic-petrole\" target=\"_blank\" class=\"c-link c-link--is-underlined\" rel=\"noopener\">les extractions de p\u00e9trole<\/a> seront prises en charge par des entreprises am\u00e9ricaines. A moins qu\u2019il n\u2019\u00e9voque les menaces de Donald Trump <a href=\"https:\/\/www.20minutes.fr\/monde\/etats-unis\/4194368-20260105-groenland-ca-suffit-maintenant-premier-ministre-furieux-apres-nouvelles-menaces-trump\" target=\"_blank\" class=\"c-link c-link--is-underlined\" rel=\"noopener\">d\u2019annexer le Groenland<\/a> (un territoire en partie danois, donc europ\u00e9en, et membre de l\u2019OTAN) \u00ab\u00a0d\u2019ici 20 jours\u00a0\u00bb, ou bien celles <a href=\"https:\/\/www.20minutes.fr\/monde\/etats-unis\/4194191-20260104-devrait-faire-gaffe-fesses-apres-maduro-trump-vise-president-colombien\" target=\"_blank\" class=\"c-link c-link--is-underlined\" rel=\"noopener\">\u00e0 l\u2019encontre de la Colombie<\/a>.<\/p>\n<p>Jimmy Kimmel pourrait aussi s\u2019int\u00e9resser \u00e0 l\u2019amiti\u00e9 retrouv\u00e9e du pr\u00e9sident des Etats-Unis avec Elon Musk, <a href=\"https:\/\/www.20minutes.fr\/monde\/etats-unis\/4193984-20260102-etats-unis-trump-donne-raison-hematomes-recurrents\" target=\"_blank\" class=\"c-link c-link--is-underlined\" rel=\"noopener\">sa prise quotidienne d\u2019aspirine<\/a> parce qu\u2019il veut que du \u00ab\u00a0joli sang bien fluide\u00a0\u00bb lui arrive dans le c\u0153ur et non \u00ab\u00a0un sang \u00e9pais\u00a0\u00bb, ou encore <a href=\"https:\/\/www.20minutes.fr\/monde\/4194036-20260102-etats-unis-entierement-accord-president-clooney-reagit-critiques-trump-attend-midterms\" target=\"_blank\" class=\"c-link c-link--is-underlined\" rel=\"noopener\">aux attaques contre George Clooney<\/a> devenu citoyen fran\u00e7ais. Force est de constater que celui qui a re\u00e7u le <a href=\"https:\/\/www.20minutes.fr\/sport\/football\/4190015-20251205-coupe-monde-2026-prix-paix-fifa-donald-trump-estime-modestement-avoir-sauve-millions-vies\" target=\"_blank\" class=\"c-link c-link--is-underlined\" rel=\"noopener\">Prix de la Paix de la FIFA<\/a> il y a quelques semaines \u00e0 peine apporte en effet de l\u2019eau au moulin de Jimmy Kimmel\u00a0!<\/p>\n","protected":false},"excerpt":{"rendered":"Il va falloir s\u2019attendre \u00e0 la fureur de Donald Trump contre les Critics Choice Awards. La c\u00e9r\u00e9monie de&hellip;\n","protected":false},"author":2,"featured_media":642895,"comment_status":"","ping_status":"","sticky":false,"template":"","format":"standard","meta":{"footnotes":""},"categories":[1356],"tags":[58,75,59,73,1011,27,39997,973,45119,252,1364,133],"class_list":{"0":"post-642894","1":"post","2":"type-post","3":"status-publish","4":"format-standard","5":"has-post-thumbnail","7":"category-television","8":"tag-divertissement","9":"tag-donald-trump","10":"tag-entertainment","11":"tag-etats-unis","12":"tag-fr","13":"tag-france","14":"tag-jimmy-kimmel","15":"tag-people","16":"tag-talk-show","17":"tag-television","18":"tag-tv","19":"tag-video"},"share_on_mastodon":{"url":"https:\/\/pubeurope.com\/@fr\/115843549474404610","error":""},"_links":{"self":[{"href":"https:\/\/www.europesays.com\/fr\/wp-json\/wp\/v2\/posts\/642894","targetHints":{"allow":["GET"]}}],"collection":[{"href":"https:\/\/www.europesays.com\/fr\/wp-json\/wp\/v2\/posts"}],"about":[{"href":"https:\/\/www.europesays.com\/fr\/wp-json\/wp\/v2\/types\/post"}],"author":[{"embeddable":true,"href":"https:\/\/www.europesays.com\/fr\/wp-json\/wp\/v2\/users\/2"}],"replies":[{"embeddable":true,"href":"https:\/\/www.europesays.com\/fr\/wp-json\/wp\/v2\/comments?post=642894"}],"version-history":[{"count":0,"href":"https:\/\/www.europesays.com\/fr\/wp-json\/wp\/v2\/posts\/642894\/revisions"}],"wp:featuredmedia":[{"embeddable":true,"href":"https:\/\/www.europesays.com\/fr\/wp-json\/wp\/v2\/media\/642895"}],"wp:attachment":[{"href":"https:\/\/www.europesays.com\/fr\/wp-json\/wp\/v2\/media?parent=642894"}],"wp:term":[{"taxonomy":"category","embeddable":true,"href":"https:\/\/www.europesays.com\/fr\/wp-json\/wp\/v2\/categories?post=642894"},{"taxonomy":"post_tag","embeddable":true,"href":"https:\/\/www.europesays.com\/fr\/wp-json\/wp\/v2\/tags?post=642894"}],"curies":[{"name":"wp","href":"https:\/\/api.w.org\/{rel}","templated":true}]}}