{"id":642898,"date":"2026-01-05T16:58:32","date_gmt":"2026-01-05T16:58:32","guid":{"rendered":"https:\/\/www.europesays.com\/fr\/642898\/"},"modified":"2026-01-05T16:58:32","modified_gmt":"2026-01-05T16:58:32","slug":"avatar-3-officiellement-milliardaire-james-cameron-entre-un-peu-plus-dans-lhistoire","status":"publish","type":"post","link":"https:\/\/www.europesays.com\/fr\/642898\/","title":{"rendered":"\u00ab\u00a0Avatar 3\u00a0\u00bb officiellement milliardaire : James Cameron entre un peu plus dans l\u2019Histoire"},"content":{"rendered":"<ul class=\"jsx-862013697 ArticleChapo__List\">\n<li class=\"jsx-862013697 ArticleChapo__List_Item flex\">Le troisi\u00e8me volet de la saga \u00ab\u00a0Avatar\u00a0\u00bb vient de franchir officiellement la barre du milliard de dollars de recettes.<\/li>\n<li class=\"jsx-862013697 ArticleChapo__List_Item flex\">Un score faramineux, dans la lign\u00e9e de l&rsquo;incroyable succ\u00e8s des deux premiers volets.<\/li>\n<li class=\"jsx-862013697 ArticleChapo__List_Item flex\">James Cameron pr\u00e9voit-il d\u00e9j\u00e0 un quatri\u00e8me opus ? Rien n&rsquo;est moins s\u00fbr&#8230;<\/li>\n<\/ul>\n<p data-module=\"article-paragraph\" class=\"jsx-157965717 Paragraph Paragraph__End\">Dix-huit. C\u2019est le nombre de jours qu\u2019il a fallu \u00e0 Avatar : de Feu et de Cendres pour franchir la barre symbolique du milliard de dollars de recettes dans le monde ce week-end. C\u2019est quatre de plus que pour son pr\u00e9d\u00e9cesseur, Avatar : la Voie de l\u2019eau, sorti fin 2022. Mais une sacr\u00e9e performance quand m\u00eame, \u00e0 une \u00e9poque o\u00f9 <a href=\"https:\/\/www.tf1info.fr\/culture\/chiffres-cnc-une-frequentation-en-baisse-2025-annee-compliquee-pour-les-cinemas-francais-2415852.html\" target=\"_blank\" rel=\"noopener\">la fr\u00e9quentation des salles de cin\u00e9ma emprunte une pente dangereuse<\/a>, partout sur la plan\u00e8te. Dans le d\u00e9tail, le troisi\u00e8me volet de la trilogie de James Cameron a engrang\u00e9 306 millions de dollars aux \u00c9tats-Unis et 771,1 millions dans le reste du monde, dont 138 millions en Chine, 81 millions en France, 64 millions en Allemagne et 44 millions en Cor\u00e9e du Sud.<\/p>\n<p>D\u00e9j\u00e0 un recordman<\/p>\n<p data-module=\"article-paragraph\" class=\"jsx-157965717 Paragraph Paragraph__End\">\u00c0 71 ans, James Cameron est le seul cin\u00e9aste \u00e0 compter trois long-m\u00e9trages au-del\u00e0 des deux milliards de dollars de recettes dans sa filmographie. Il s&rsquo;agit du premier Avatar en 2009, qui est \u00e0 ce jour le plus grand succ\u00e8s de l\u2019Histoire du cin\u00e9ma devant Avengers : Endgame ; Avatar : la Voie de l\u2019eau en 2022 et bien s\u00fbr Titanic en 1997. Si Avatar : de Feu et de Cendres r\u00e9ussissait la m\u00eame performance, son auteur confirmerait sa place \u00e0 part dans l\u2019Histoire du cin\u00e9ma, lui dont le plus \u00ab\u00a0petit\u00a0\u00bb succ\u00e8s reste Terminator, avec 83 millions de dollars de recettes en 1983.<\/p>\n<p data-module=\"article-paragraph\" class=\"jsx-157965717 Paragraph Paragraph__End\">Pour le cin\u00e9aste, le score final de son dernier opus sera tout sauf anecdotique. Depuis la sortie, il affirme en effet qu\u2019il conditionnera les sorties d\u2019un quatri\u00e8me et d\u2019un cinqui\u00e8me volet, pour l\u2019instant pr\u00e9vues en d\u00e9cembre 2029 et d\u00e9cembre 2031. Dans un entretien accord\u00e9 il y a quelques jours \u00e0<a href=\"https:\/\/ew.com\/avatar-4-james-cameron-press-conference-if-sequels-dont-happen-11876189?taid=694ece0af6b710000197510d&amp;utm_campaign=trueAnthem%3A+New+Content+%28Feed%29&amp;utm_medium=trueAnthem&amp;utm_source=twitter\" rel=\"nofollow noopener\" target=\"_blank\"> Entertainment Weekly<\/a>, le cin\u00e9aste a d\u00e9clar\u00e9 que \u00ab\u00a0si nous ne faisons pas le quatre et le cinq, pour quelque raison que ce soit, je tiendrai une conf\u00e9rence de presse pour vous pr\u00e9venir\u00a0\u00bb, ajoutant qu\u2019il n\u2019excluait pas de sortir des romans pour raconter la fin de l\u2019histoire de Jake Sully et des habitants de la plan\u00e8te Pandora.<\/p>\n<p><a href=\"https:\/\/www.tf1info.fr\/culture\/critique-cinema-moins-surprenant-plus-sombre-et-politique-notre-avis-sur-film-avatar-de-feu-et-de-cendres-2413132.html\" rel=\"noopener\" class=\"jsx-3308031228 Link flex\" target=\"_blank\"><img decoding=\"async\" src=\"https:\/\/www.europesays.com\/fr\/wp-content\/uploads\/2026\/01\/avatar-3-5-69b8f5-1@1x.jpeg\" alt=\"Fox \/ Disney\" loading=\"lazy\" importance=\"low\" fetchpriority=\"low\" class=\"\" aria-hidden=\"true\"\/><\/p>\n<p class=\"jsx-3657663356 ReadMoreArticle__Title\">Lire aussi<\/p>\n<p class=\"jsx-3657663356\">Moins surprenant, plus sombre et politique : notre avis sur \u00ab\u00a0Avatar : de Feu et de Cendres\u00a0\u00bb<\/p>\n<p><\/a><\/p>\n<p data-module=\"article-paragraph\" class=\"jsx-157965717 Paragraph Paragraph__End\">Au-del\u00e0 des chiffres, James Cameron pourrait \u00eatre tent\u00e9 de tourner la page Avatar pour se concentrer sur d\u2019autres projets. Durant sa r\u00e9cente tourn\u00e9e promo, il ainsi \u00e9voqu\u00e9 l\u2019hypoth\u00e8se d\u2019un septi\u00e8me volet de la saga Terminator, nourri par les progr\u00e8s de l\u2019intelligence artificielle. Mais aussi Ghosts of Hiroshima, l\u2019adaptation d\u2019un roman de Charles R. Pellegrino, sorti cet \u00e9t\u00e9 aux \u00c9tats-Unis, et qui raconte l\u2019histoire vraie d\u2019un Japonais qui apr\u00e8s avoir r\u00e9chapp\u00e9 \u00e0 l\u2019explosion atomique \u00e0 Hiroshima, a pris un train pour Nagasaki o\u00f9 il a surv\u00e9cu \u00e0 la seconde bombe l\u00e2ch\u00e9e par les \u00c9tats-Unis sur son pays.<\/p>\n<p>J\u00e9r\u00f4me VERMELIN<\/p>\n","protected":false},"excerpt":{"rendered":"Le troisi\u00e8me volet de la saga \u00ab\u00a0Avatar\u00a0\u00bb vient de franchir officiellement la barre du milliard de dollars de&hellip;\n","protected":false},"author":2,"featured_media":642899,"comment_status":"","ping_status":"","sticky":false,"template":"","format":"standard","meta":{"footnotes":""},"categories":[1354],"tags":[1111,11,1921,650,58,59,73,1346,1011,27,1922,28114,2041,1360,1669,133,2040],"class_list":{"0":"post-642898","1":"post","2":"type-post","3":"status-publish","4":"format-standard","5":"has-post-thumbnail","7":"category-films","8":"tag-actu","9":"tag-actualites","10":"tag-article-video","11":"tag-cinema","12":"tag-divertissement","13":"tag-entertainment","14":"tag-etats-unis","15":"tag-films","16":"tag-fr","17":"tag-france","18":"tag-info","19":"tag-james-cameron","20":"tag-medias-et-divertissement","21":"tag-movies","22":"tag-sorties","23":"tag-video","24":"tag-video-culture"},"share_on_mastodon":{"url":"https:\/\/pubeurope.com\/@fr\/115843557449089382","error":""},"_links":{"self":[{"href":"https:\/\/www.europesays.com\/fr\/wp-json\/wp\/v2\/posts\/642898","targetHints":{"allow":["GET"]}}],"collection":[{"href":"https:\/\/www.europesays.com\/fr\/wp-json\/wp\/v2\/posts"}],"about":[{"href":"https:\/\/www.europesays.com\/fr\/wp-json\/wp\/v2\/types\/post"}],"author":[{"embeddable":true,"href":"https:\/\/www.europesays.com\/fr\/wp-json\/wp\/v2\/users\/2"}],"replies":[{"embeddable":true,"href":"https:\/\/www.europesays.com\/fr\/wp-json\/wp\/v2\/comments?post=642898"}],"version-history":[{"count":0,"href":"https:\/\/www.europesays.com\/fr\/wp-json\/wp\/v2\/posts\/642898\/revisions"}],"wp:featuredmedia":[{"embeddable":true,"href":"https:\/\/www.europesays.com\/fr\/wp-json\/wp\/v2\/media\/642899"}],"wp:attachment":[{"href":"https:\/\/www.europesays.com\/fr\/wp-json\/wp\/v2\/media?parent=642898"}],"wp:term":[{"taxonomy":"category","embeddable":true,"href":"https:\/\/www.europesays.com\/fr\/wp-json\/wp\/v2\/categories?post=642898"},{"taxonomy":"post_tag","embeddable":true,"href":"https:\/\/www.europesays.com\/fr\/wp-json\/wp\/v2\/tags?post=642898"}],"curies":[{"name":"wp","href":"https:\/\/api.w.org\/{rel}","templated":true}]}}