{"id":642900,"date":"2026-01-05T16:59:16","date_gmt":"2026-01-05T16:59:16","guid":{"rendered":"https:\/\/www.europesays.com\/fr\/642900\/"},"modified":"2026-01-05T16:59:16","modified_gmt":"2026-01-05T16:59:16","slug":"en-moins-de-10-jours-cette-graine-fait-perdre-6-kilos-selon-havard","status":"publish","type":"post","link":"https:\/\/www.europesays.com\/fr\/642900\/","title":{"rendered":"En moins de 10 jours, cette graine fait perdre 6 kilos selon Havard"},"content":{"rendered":"<p itemprop=\"description\">Selon une \u00e9tude d\u00e9voil\u00e9e par l&rsquo;Universit\u00e9<br \/>\nde Harvard, consommer cette graine succulente permet de perdre du<br \/>\npoids.<\/p>\n<p>Perdre du poids vite fascine autant que cela interroge. Apr\u00e8s<br \/>\nles f\u00eates ou un d\u00e9clic personnel, beaucoup cherchent ce petit<br \/>\nlevier capable d\u2019amorcer une transformation visible sans passer par<br \/>\ndes m\u00e9thodes extr\u00eames. Ces derniers jours, une graine bien connue<br \/>\nrefait surface dans les discussions nutritionnelles. Modeste en<br \/>\napparence, elle serait pourtant associ\u00e9e \u00e0 <a href=\"https:\/\/www.bibamagazine.fr\/beaute\/minceur\/jai-perdu-7-kilos-sans-regime-ce-petit-dejeuner-surprenant-au-nutella-fait-des-merveilles-pour-la-silhouette-497278.html\" target=\"_blank\" rel=\"noopener\"><br \/>\ndes pertes de poids<\/a> rapides lorsqu\u2019elle est int\u00e9gr\u00e9e<br \/>\nintelligemment \u00e0 l\u2019alimentation.<\/p>\n<p>De quoi piquer la curiosit\u00e9. Les sp\u00e9cialistes le rappellent :<br \/>\nl\u2019amaigrissement repose avant tout sur <strong>un \u00e9quilibre entre<br \/>\nalimentation ma\u00eetris\u00e9e<\/strong> et activit\u00e9 physique r\u00e9guli\u00e8re.<br \/>\nMais certains aliments peuvent accompagner cette d\u00e9marche en<br \/>\nfacilitant la sati\u00e9t\u00e9, la gestion de l\u2019\u00e9nergie et le m\u00e9tabolisme.<br \/>\nC\u2019est pr\u00e9cis\u00e9ment ce que met en lumi\u00e8re une \u00e9tude men\u00e9e par<br \/>\nl\u2019Institut de Nutrition de <strong>Harvard<\/strong>, et rep\u00e9r\u00e9e par<br \/>\nnos confr\u00e8res de <a href=\"https:\/\/www.grazia.fr\/beaute\/forme-minceur\/jai-perdu-6-kilos-en-30-jours-en-consommant-cette-graine-souvent-1095512.html\" target=\"_blank\" rel=\"noopener\">Grazia<\/a>, qui s\u2019est<br \/>\npench\u00e9e sur les effets des graines de tournesol aupr\u00e8s de 10 000<br \/>\nadultes suivis pendant six mois.<\/p>\n<p>Des r\u00e9sultats qui ont surpris les chercheurs<\/p>\n<p>L\u2019objectif de cette recherche \u00e9tait de comparer l\u2019impact des<br \/>\ngraines de tournesol \u00e0 celui de r\u00e9gimes classiques ou de<br \/>\ncompl\u00e9ments minceur. Selon les donn\u00e9es publi\u00e9es, les participants<br \/>\nayant int\u00e9gr\u00e9 r\u00e9guli\u00e8rement ces graines \u00e0 leur alimentation ont<br \/>\nobserv\u00e9 <strong>une perte de poids significative<\/strong> sur<br \/>\nplusieurs semaines, accompagn\u00e9e d\u2019une diminution notable de la<br \/>\ngraisse abdominale.<\/p>\n<p>Les chercheurs \u00e9voquent \u00e9galement une am\u00e9lioration de certains<br \/>\nmarqueurs m\u00e9taboliques, notamment le cholest\u00e9rol et le risque<br \/>\ncardiovasculaire. Ces r\u00e9sultats ne signifient pas qu\u2019une poign\u00e9e de<br \/>\ngraines suffit \u00e0 faire <a href=\"https:\/\/www.bibamagazine.fr\/beaute\/minceur\/je-brule-des-calories-sans-rien-faire-voici-comment-perdre-du-poids-sans-regime-selon-une-docteure-en-biologie-478868.html\" target=\"_blank\" rel=\"noopener\"><br \/>\nfondre les kilos<\/a> en quelques jours, mais ils sugg\u00e8rent un effet<br \/>\nd\u2019accompagnement int\u00e9ressant lorsqu\u2019elles sont consomm\u00e9es dans un<br \/>\ncadre alimentaire \u00e9quilibr\u00e9.<\/p>\n<p>Le Dr Michael Brown, nutritionniste et responsable de l\u2019\u00e9tude,<br \/>\nsouligne que leur richesse nutritionnelle jouerait un r\u00f4le cl\u00e9 dans<br \/>\nces observations, selon les propos rapport\u00e9s par l\u2019\u00e9quipe de<br \/>\nrecherche. Pourquoi les graines de tournesol peuvent aider \u00e0<br \/>\ns\u2019affiner ? Les graines de tournesol se distinguent par leur forte<br \/>\nteneur en acides gras polyinsatur\u00e9s, en fibres et <a href=\"https:\/\/www.bibamagazine.fr\/beaute\/longevite\/selon-le-dr-jimmy-mohamed-ce-regime-alimentaire-pourrait-allonger-lesperance-de-vie-de-13-ans-482502.html\" target=\"_blank\" rel=\"noopener\"><br \/>\nen micronutriments essentiels<\/a>. Ces \u00e9l\u00e9ments participent \u00e0 une<br \/>\nmeilleure r\u00e9gulation de l\u2019app\u00e9tit et \u00e0 une sensation de sati\u00e9t\u00e9<br \/>\nplus durable.<\/p>\n<p>Comment les int\u00e9grer sans exc\u00e8s ?<\/p>\n<p>En parall\u00e8le, certains acides gras contribuent \u00e0 soutenir le<br \/>\nm\u00e9tabolisme \u00e9nerg\u00e9tique, ce qui peut favoriser une utilisation plus<br \/>\nefficace des r\u00e9serves graisseuses, notamment au niveau abdominal.<br \/>\nElles apportent \u00e9galement de la vitamine E, reconnue pour son<br \/>\naction antioxydante, ainsi que des phytost\u00e9rols qui participent \u00e0<br \/>\nl\u2019\u00e9quilibre du cholest\u00e9rol sanguin. L\u2019\u00e9tude souligne d\u2019ailleurs que<br \/>\nles b\u00e9n\u00e9fices observ\u00e9s d\u00e9passent la seule question du poids, avec<br \/>\nun impact positif sur la sant\u00e9 cardiovasculaire globale.<\/p>\n<p>Les chercheurs recommandent une consommation mod\u00e9r\u00e9e, autour de<br \/>\n30 grammes par jour, soit l\u2019\u00e9quivalent de deux cuill\u00e8res \u00e0 soupe.<br \/>\nL\u2019id\u00e9al reste de les choisir nature, crues ou l\u00e9g\u00e8rement grill\u00e9es,<br \/>\nsans sel ajout\u00e9. Elles trouvent facilement leur place dans une<br \/>\nsalade, un yaourt, un bol de fromage blanc ou m\u00eame en collation,<br \/>\npour remplacer des snacks plus transform\u00e9s. Si certains t\u00e9moignages<br \/>\n\u00e9voquent des pertes rapides en quelques jours, les experts<br \/>\ninsistent sur la prudence. La perte de poids durable s\u2019inscrit dans<br \/>\nle temps et d\u00e9pend de nombreux facteurs individuels. Les graines de<br \/>\ntournesol ne sont donc pas une solution miracle, mais un alli\u00e9<br \/>\nint\u00e9ressant pour amorcer ou soutenir une d\u00e9marche minceur plus<br \/>\nglobale, comme le rappelle l\u2019\u00e9tude de l\u2019Institut de Nutrition de<br \/>\nHarvard.<\/p>\n","protected":false},"excerpt":{"rendered":"Selon une \u00e9tude d\u00e9voil\u00e9e par l&rsquo;Universit\u00e9 de Harvard, consommer cette graine succulente permet de perdre du poids. Perdre&hellip;\n","protected":false},"author":2,"featured_media":642901,"comment_status":"","ping_status":"","sticky":false,"template":"","format":"standard","meta":{"footnotes":""},"categories":[10],"tags":[5481,28015,3477,1805,3026,21,1011,27,45199,74961,72,7285,393,379,41868,71,15298,74960],"class_list":{"0":"post-642900","1":"post","2":"type-post","3":"status-publish","4":"format-standard","5":"has-post-thumbnail","7":"category-sante","8":"tag-5481","9":"tag-28015","10":"tag-cette","11":"tag-de","12":"tag-en","13":"tag-fait","14":"tag-fr","15":"tag-france","16":"tag-graine","17":"tag-havard","18":"tag-health","19":"tag-jours","20":"tag-kilos","21":"tag-moins","22":"tag-perdre","23":"tag-sante","24":"tag-selon","25":"tag-succulente"},"share_on_mastodon":{"url":"https:\/\/pubeurope.com\/@fr\/115843561670364295","error":""},"_links":{"self":[{"href":"https:\/\/www.europesays.com\/fr\/wp-json\/wp\/v2\/posts\/642900","targetHints":{"allow":["GET"]}}],"collection":[{"href":"https:\/\/www.europesays.com\/fr\/wp-json\/wp\/v2\/posts"}],"about":[{"href":"https:\/\/www.europesays.com\/fr\/wp-json\/wp\/v2\/types\/post"}],"author":[{"embeddable":true,"href":"https:\/\/www.europesays.com\/fr\/wp-json\/wp\/v2\/users\/2"}],"replies":[{"embeddable":true,"href":"https:\/\/www.europesays.com\/fr\/wp-json\/wp\/v2\/comments?post=642900"}],"version-history":[{"count":0,"href":"https:\/\/www.europesays.com\/fr\/wp-json\/wp\/v2\/posts\/642900\/revisions"}],"wp:featuredmedia":[{"embeddable":true,"href":"https:\/\/www.europesays.com\/fr\/wp-json\/wp\/v2\/media\/642901"}],"wp:attachment":[{"href":"https:\/\/www.europesays.com\/fr\/wp-json\/wp\/v2\/media?parent=642900"}],"wp:term":[{"taxonomy":"category","embeddable":true,"href":"https:\/\/www.europesays.com\/fr\/wp-json\/wp\/v2\/categories?post=642900"},{"taxonomy":"post_tag","embeddable":true,"href":"https:\/\/www.europesays.com\/fr\/wp-json\/wp\/v2\/tags?post=642900"}],"curies":[{"name":"wp","href":"https:\/\/api.w.org\/{rel}","templated":true}]}}