{"id":642910,"date":"2026-01-05T17:04:17","date_gmt":"2026-01-05T17:04:17","guid":{"rendered":"https:\/\/www.europesays.com\/fr\/642910\/"},"modified":"2026-01-05T17:04:17","modified_gmt":"2026-01-05T17:04:17","slug":"pourquoi-les-politiques-necoutent-ils-pas-les-citoyens-ordinaires","status":"publish","type":"post","link":"https:\/\/www.europesays.com\/fr\/642910\/","title":{"rendered":"Pourquoi les politiques n\u2019\u00e9coutent-ils pas les citoyens ordinaires ?"},"content":{"rendered":"<p><strong>L&rsquo;ann\u00e9e 2025 a notamment \u00e9t\u00e9 marqu\u00e9e par le d\u00e9bat sur la taxe Zucman, rejet\u00e9e par les d\u00e9put\u00e9s mais pl\u00e9biscit\u00e9e par une tr\u00e8s large majorit\u00e9 de Fran\u00e7ais. Cette d\u00e9cision r\u00e9v\u00e8le, de fa\u00e7on spectaculaire, la d\u00e9connexion entre les d\u00e9cisions politiques et l\u2019opinion des citoyens. Ce ph\u00e9nom\u00e8ne, \u00e9tudi\u00e9 par la science politique, est au c\u0153ur de la crise d\u00e9mocratique. Comment y rem\u00e9dier\u00a0?<\/strong><\/p>\n<p>Les sondages sont sans appel\u00a0: une large majorit\u00e9 de Fran\u00e7ais, <a href=\"https:\/\/www.publicsenat.fr\/actualites\/politique\/la-taxe-zucman-plebiscitee-par-86-des-francais-il-se-passe-un-truc-massif-et-transpartisan-dans-le-pays\" target=\"_blank\" rel=\"noopener\">86\u00a0% selon une enqu\u00eate Ifop<\/a>, se d\u00e9clare en faveur d\u2019une taxation des plus riches. Pourtant, l\u2019Assembl\u00e9e nationale a rejet\u00e9 en octobre la taxe Zucman\u00a0: 228 d\u00e9put\u00e9s ont vot\u00e9 contre l\u2019amendement visant \u00e0 taxer les patrimoines sup\u00e9rieurs \u00e0 100\u00a0millions d\u2019euros, tandis que <a href=\"https:\/\/datan.fr\/votes\/legislature-17\/vote_3300\" target=\"_blank\" rel=\"noopener\">172 d\u00e9put\u00e9s ont vot\u00e9 pour<\/a>. La d\u00e9connexion entre opinion publique et d\u00e9cision politique n\u2019est pas nouvelle. D\u2019autres exemples illustrent ce ph\u00e9nom\u00e8ne, comme la r\u00e9forme des retraites, <a href=\"https:\/\/www.cgt.fr\/actualites\/france\/retraites\/sondage-ifop-cgt-73-des-salariees-sont-pour-labrogation-de-la-reforme-des-retraites\" target=\"_blank\" rel=\"noopener\">rejet\u00e9e par une majorit\u00e9 de Fran\u00e7ais<\/a>, ou l\u2019interdiction de la corrida, <a href=\"https:\/\/www.lejdd.fr\/Politique\/sondage-corrida-74-des-francais-se-disent-favorables-a-son-interdiction-4148093\" target=\"_blank\" rel=\"noopener\">soutenue par la population<\/a> mais <a href=\"https:\/\/www.sudouest.fr\/culture\/ferias\/l-assemblee-nationale-rejette-massivement-un-amendement-du-groupe-lfi-contre-la-corrida-26721960.php\" target=\"_blank\" rel=\"noopener\">rejet\u00e9e par les d\u00e9put\u00e9s<\/a>. Comment expliquer que des mesures massivement soutenue par la population puissent \u00eatre rejet\u00e9es par leurs repr\u00e9sentants\u00a0?<\/p>\n<p>Quand les politiques \u00e9coutent (ou pas) l\u2019opinion publique<\/p>\n<p>La connexion entre opinion publique et d\u00e9cision politique a fait l\u2019objet de nombreux travaux en science politique. Ces recherches, qui \u00e9tudient la capacit\u00e9 du syst\u00e8me repr\u00e9sentatif \u00e0 r\u00e9pondre aux int\u00e9r\u00eats et pr\u00e9f\u00e9rences des citoyens, montrent que si <a href=\"https:\/\/journals.sagepub.com\/doi\/10.1111\/j.1467-9248.2005.00534.x\" target=\"_blank\" rel=\"noopener\">l\u2019opinion publique peut influencer les d\u00e9cisions politiques<\/a>, ce n\u2019est pas toujours le cas. Pour de nombreux enjeux, il existe une d\u00e9connexion entre la volont\u00e9 populaire et les d\u00e9cisions prises par les gouvernants, <a href=\"https:\/\/journals.sagepub.com\/doi\/10.1111\/j.1467-9248.2005.00534.x\" target=\"_blank\" rel=\"noopener\">qu\u2019ils soient de gauche ou de droite<\/a>.<\/p>\n<p>Plusieurs facteurs peuvent expliquer ces \u00e9carts. D\u2019abord, la capacit\u00e9 des gouvernants \u00e0 suivre l\u2019opinion peut d\u00e9pendre du contexte \u00e9conomique\u00a0: en p\u00e9riode de contraintes budg\u00e9taires, les marges de man\u0153uvre se r\u00e9duisent et <a href=\"https:\/\/ejpr.onlinelibrary.wiley.com\/doi\/10.1111\/1475-6765.12494\" target=\"_blank\" rel=\"noopener\">certaines d\u00e9cisions peuvent ne pas refl\u00e9ter totalement les pr\u00e9f\u00e9rences des citoyens<\/a>. Ensuite, les repr\u00e9sentants sont <a href=\"https:\/\/journals.sagepub.com\/doi\/10.1177\/1465116517735599\" target=\"_blank\" rel=\"noopener\">plus \u00e0 l\u2019\u00e9coute sur les sujets tr\u00e8s m\u00e9diatis\u00e9s et peu techniques<\/a> du fait de leur importance dans le d\u00e9bat public. Plusieurs recherches soulignent aussi un d\u00e9ficit r\u00e9cent de repr\u00e9sentation sur les enjeux \u00e9conomiques. Du fait de la mont\u00e9e des sujets culturels (immigration, s\u00e9curit\u00e9, identit\u00e9) dans le d\u00e9bat et des contraintes externes sur l\u2019\u00e9conomie (crises, int\u00e9gration europ\u00e9enne), les gouvernants <a href=\"https:\/\/journals.sagepub.com\/doi\/10.1177\/13540688241245065#bibr13-13540688241245065\" target=\"_blank\" rel=\"noopener\">parviennent \u00e0 mieux \u00e9couter l\u2019opinion sur les sujets culturels<\/a>, devenus des marqueurs de la vie politique. Enfin, le contexte politique\u00a0: dans un environnement parlementaire fragment\u00e9, les <a href=\"https:\/\/journals.sagepub.com\/doi\/10.1177\/10659129241263481\" target=\"_blank\" rel=\"noopener\">difficult\u00e9s \u00e0 n\u00e9gocier entre partis peuvent entraver la traduction de l\u2019opinion publique en d\u00e9cisions<\/a>.<\/p>\n<p>Repr\u00e9sentation politique et in\u00e9galit\u00e9s \u00e9conomiques<\/p>\n<p>Un autre facteur expliquant la d\u00e9connexion entre opinion publique et d\u00e9cision politique est celui des in\u00e9galit\u00e9s de repr\u00e9sentation. En effet, lorsque les citoyens les plus riches et les plus pauvres s\u2019opposent sur une politique publique, ce sont les pr\u00e9f\u00e9rences des plus ais\u00e9s qui l\u2019emportent. Les travaux du politiste am\u00e9ricain Martin Gilens ont r\u00e9v\u00e9l\u00e9 cette tendance\u00a0: une <a href=\"https:\/\/press.princeton.edu\/books\/paperback\/9780691162423\/affluence-and-influence\" target=\"_blank\" rel=\"noopener\">politique publique a plus de chances d\u2019\u00eatre adopt\u00e9e si elle est soutenue par les citoyens fortun\u00e9s que par les citoyens modestes<\/a>. Ces r\u00e9sultats ont \u00e9t\u00e9 confirm\u00e9es dans plusieurs pays europ\u00e9ens\u00a0: les <a href=\"https:\/\/academic.oup.com\/ser\/article\/19\/1\/37\/5475880\" target=\"_blank\" rel=\"noopener\">d\u00e9cisions politiques refl\u00e8tent davantage les positions des citoyens \u00e0 revenu \u00e9lev\u00e9<\/a>.<\/p>\n<p>L\u2019exemple de la taxe Zucman illustre parfaitement cette dynamique. Si une majorit\u00e9 de Fran\u00e7ais la soutient, il est probable que la fraction de la population la plus fortun\u00e9e, <a href=\"https:\/\/theconversation.com\/laffrontement-sur-la-taxe-zucman-une-lutte-de-classe-269223\" target=\"_blank\" rel=\"noopener\">directement impact\u00e9s financi\u00e8rement par une telle taxe, s\u2019y oppose<\/a>.<\/p>\n<p>    <strong><br \/>\n      Read more:<br \/>\n      <a href=\"https:\/\/theconversation.com\/laffrontement-sur-la-taxe-zucman-une-lutte-de-classe-269223\" target=\"_blank\" rel=\"noopener\">L\u2019affrontement sur la taxe Zucman\u00a0: une lutte de classe\u00a0?<\/a><br \/>\n    <\/strong><\/p>\n<p>Si de nombreuses \u00e9tudes ont mesur\u00e9 ces in\u00e9galit\u00e9s dans les d\u00e9cisions politiques, d\u2019autres se sont particuli\u00e8rement int\u00e9ress\u00e9 aux \u00e9lus, analysant leurs positions et la fa\u00e7on dont ils per\u00e7oivent l\u2019opinion publique. Des in\u00e9galit\u00e9s sont aussi pr\u00e9sentes \u00e0 ce niveau. En effet, les <a href=\"https:\/\/www.cambridge.org\/core\/journals\/european-political-science-review\/article\/abs\/ideological-congruence-and-socioeconomic-inequality\/F9CE780C902E7A25B92CB3EC2B844875\" target=\"_blank\" rel=\"noopener\">\u00e9lus ont des pr\u00e9f\u00e9rences politiques plus proches de celles des \u00e9lecteurs les plus riches<\/a>, et leur lecture de l\u2019opinion publique est <a href=\"https:\/\/ejpr.onlinelibrary.wiley.com\/doi\/10.1111\/1475-6765.12750\" target=\"_blank\" rel=\"noopener\">biais\u00e9e en faveur des plus fortun\u00e9s<\/a>.<\/p>\n<p>Les d\u00e9terminants des in\u00e9galit\u00e9s de repr\u00e9sentation politique<\/p>\n<p>Trois facteurs principaux expliquent ces in\u00e9galit\u00e9s de repr\u00e9sentation. Le premier est le profil socio-\u00e9conomique des \u00e9lus\u00a0: ils sont massivement issus des classes sociales sup\u00e9rieures. \u00c0 l\u2019Assembl\u00e9e nationale, <a href=\"https:\/\/datan.fr\/statistiques\/deputes-origine-sociale\" target=\"_blank\" rel=\"noopener\">67\u00a0% des d\u00e9put\u00e9s sont issues des cat\u00e9gories cadres et professions intellectuelles sup\u00e9rieures<\/a>, contre 11\u00a0% dans la population fran\u00e7aise. Ces \u00e9lus partagent avec les citoyens les plus riches des valeurs et int\u00e9r\u00eats communs, ce qui les rend plus sensibles \u00e0 leurs besoins. C\u2019est ce que j\u2019ai montr\u00e9 dans une <a href=\"https:\/\/onlinelibrary.wiley.com\/doi\/10.1111\/spsr.70021\" target=\"_blank\" rel=\"noopener\">\u00e9tude men\u00e9e sur les parlementaires suisses<\/a>\u00a0: les perceptions de l\u2019opinion publique des d\u00e9put\u00e9s issus de milieux favoris\u00e9s s\u2019alignent plus fortement avec les pr\u00e9f\u00e9rences des citoyens les plus riches.<\/p>\n<p>Le deuxi\u00e8me facteur concerne les in\u00e9galit\u00e9s d\u2019expression politique\u00a0: tous les citoyens n\u2019ont pas la m\u00eame voix dans l\u2019espace politique. Les plus ais\u00e9s disposent d\u2019un poids politique sup\u00e9rieur\u00a0: ils votent davantage, contactent plus souvent les parlementaires, et <a href=\"https:\/\/www.ipp.eu\/publication\/comportement-des-donateurs-fortunes-le-poids-des-motivations-politiques\/\" target=\"_blank\" rel=\"noopener\">peuvent apporter un soutien direct en faisant des dons aux partis politiques<\/a>. \u00c0 l\u2019inverse, les citoyens modestes participent moins \u00e0 la vie politique et ont moins de poids sur le succ\u00e8s \u00e9lectoral des partis politiques. <a href=\"https:\/\/onlinelibrary.wiley.com\/doi\/abs\/10.1111\/lsq.12450\" target=\"_blank\" rel=\"noopener\">Les \u00e9lus ont donc moins d\u2019int\u00e9r\u00eat \u00e0 \u00e9couter et traduire leurs pr\u00e9f\u00e9rences en d\u00e9cisions<\/a>.<\/p>\n<p>Ces in\u00e9galit\u00e9s <a href=\"https:\/\/www.cambridge.org\/core\/books\/unequal-democracies\/organized-interests-and-the-mechanisms-behind-unequal-representation-in-legislatures\/BAB291B1661F619AF12F7AC80892707D\" target=\"_blank\" rel=\"noopener\">se refl\u00e8tent aussi au niveau des groupes d\u2019int\u00e9r\u00eats exer\u00e7ant des activit\u00e9s de lobbying<\/a>\u00a0: les groupes repr\u00e9sentant des int\u00e9r\u00eats priv\u00e9s et sectoriels (entreprises, associations professionnelles) disposent de plus de ressources que les associations citoyennes ou les ONG pour influencer les d\u00e9cisions politiques. Concernant la taxe Zucman, il est \u00e9vident que les lobbies patronaux (<a href=\"https:\/\/www.lemonde.fr\/les-decodeurs\/article\/2025\/10\/02\/l-offensive-maladroite-du-medef-pour-pilonner-la-taxe-zucman_6644126_4355770.html\" target=\"_blank\" rel=\"noopener\">Medef<\/a> et <a href=\"https:\/\/www.challenges.fr\/economie\/taxe-zucman-les-geants-du-cac-40-mettent-en-avant-leurs-impots-et-emplois-pour-contrer-la-polemique-sur-leur-contribution_625421\" target=\"_blank\" rel=\"noopener\">Afep<\/a>) ont mobilis\u00e9 leurs r\u00e9seaux pour orienter le d\u00e9bat public et la d\u00e9cision parlementaire. Les liens personnels entre responsables politiques (dont le <a href=\"https:\/\/www.liberation.fr\/politique\/vacances-tous-frais-payes-diners-et-reseautage-sebastien-lecornu-lami-discret-des-grands-patrons-20251119_576JHZVTXNBDJGCOTN4UIIYU4Q\/\" target=\"_blank\" rel=\"noopener\">premier ministre S\u00e9bastien Lecornu<\/a>) et grands patrons, facilitent aussi cette influence, offrant \u00e0 ces derniers un acc\u00e8s direct pour d\u00e9fendre leurs int\u00e9r\u00eats.<\/p>\n<p>Enfin, l\u2019id\u00e9ologie compte\u00a0: les \u00e9lus de droite <a href=\"https:\/\/papers.ssrn.com\/sol3\/papers.cfm?abstract_id=2321442\" target=\"_blank\" rel=\"noopener\">repr\u00e9sentent davantage les pr\u00e9f\u00e9rences des citoyens les plus riches<\/a> et surestiment leur poids dans la population, comme je l\u2019ai montr\u00e9 <a href=\"https:\/\/ejpr.onlinelibrary.wiley.com\/doi\/10.1111\/1475-6765.12750\" target=\"_blank\" rel=\"noopener\">dans une \u00e9tude<\/a> portant sur les parlementaires de quatre pays europ\u00e9ens. Cependant, si les \u00e9lus de gauche ont des positions moins biais\u00e9es, des <a href=\"https:\/\/ejpr.onlinelibrary.wiley.com\/doi\/10.1111\/1475-6765.12489\" target=\"_blank\" rel=\"noopener\">in\u00e9galit\u00e9s persistent<\/a>. Pourquoi\u00a0? D\u2019abord parce que l\u2019origine sociale joue \u00e0 gauche comme \u00e0 droite\u00a0: la majorit\u00e9 des parlementaires de gauche viennent aussi des cat\u00e9gories sup\u00e9rieures, ce qui les rend plus sensibles aux int\u00e9r\u00eats des citoyens privil\u00e9gi\u00e9s. Ensuite, m\u00eame lorsqu\u2019ils sont id\u00e9ologiquement proches des citoyens d\u00e9favoris\u00e9s, les \u00e9lus de gauche au pouvoir se heurtent \u00e0 des contraintes structures (mondialisation, r\u00e8gles europ\u00e9ennes) qui r\u00e9duisent leur marge de man\u0153uvre.<\/p>\n<p>In\u00e9galit\u00e9s de repr\u00e9sentation\u00a0: comment r\u00e9pondre au probl\u00e8me\u00a0?<\/p>\n<p>Si le droit de vote est universel, garantissant une \u00e9galit\u00e9 formelle, l\u2019\u00e9galit\u00e9 r\u00e9elle est loin d\u2019\u00eatre acquise\u00a0: les citoyens les moins favoris\u00e9s p\u00e8sent moins dans les d\u00e9cisions politiques, <a href=\"https:\/\/www.jstor.org\/stable\/j.ctt1npjxz\" target=\"_blank\" rel=\"noopener\">questionnant le caract\u00e8re d\u00e9mocratique de notre mod\u00e8le de repr\u00e9sentation<\/a>.<\/p>\n<p><a href=\"https:\/\/plc-journal.eu\/article\/view\/22073\/version\/22097\" target=\"_blank\" rel=\"noopener\">Les citoyens les moins bien repr\u00e9sent\u00e9s font moins confiance aux institutions repr\u00e9sentatives<\/a>. Le probl\u00e8me n\u2019est pas qu\u2019une politique publique isol\u00e9e diverge de l\u2019opinion publique\u00a0: c\u2019est la r\u00e9currence du ph\u00e9nom\u00e8ne qui pose question et le biais syst\u00e9matique envers une partie de la population qui pose question. Lorsque, sur plusieurs politiques publiques, le syst\u00e8me repr\u00e9sentatif n\u2019est pas sensible \u00e0 l\u2019opinion et qu\u2019une partie de l\u2019\u00e9lectorat voit syst\u00e9matiquement ses pr\u00e9f\u00e9rences ignor\u00e9es, la <a href=\"https:\/\/shs.cairn.info\/magazine-cahiers-francais-2021-2-page-16\" target=\"_blank\" rel=\"noopener\">l\u00e9gitimit\u00e9 du syst\u00e8me repr\u00e9sentatif<\/a> pourrait s\u2019en trouver fragilis\u00e9e.<\/p>\n<p>Plusieurs pistes sont envisageables pour r\u00e9duire ces in\u00e9galit\u00e9s. D\u2019abord, am\u00e9liorer la repr\u00e9sentativit\u00e9 sociale des \u00e9lus permettrait d\u2019\u00e9largir la diversit\u00e9 des perspectives discut\u00e9es au Parlement, mieux prendre en compte les citoyens les moins privil\u00e9gi\u00e9s, et permettre \u00e0 ces derniers de <a href=\"https:\/\/journals.sagepub.com\/doi\/10.1177\/0010414017720702\" target=\"_blank\" rel=\"noopener\">mieux s\u2019identifier avec le personnel politique<\/a>. Ensuite, multiplier les \u00e9changes entre parlementaires et citoyens, via la pr\u00e9sence en circonscription et les forums d\u00e9lib\u00e9ratifs, <a href=\"https:\/\/link.springer.com\/chapter\/10.1007\/978-3-031-92213-8_9\" target=\"_blank\" rel=\"noopener\">faciliterait la transmission de la diversit\u00e9 des opinions vers le syst\u00e8me politique<\/a>. Renforcer les organisations de la soci\u00e9t\u00e9 civile et syndicats <a href=\"https:\/\/www.cambridge.org\/core\/journals\/perspectives-on-politics\/article\/reducing-unequal-representation-the-impact-of-labor-unions-on-legislative-responsiveness-in-the-us-congress\/D72A0BDB4EA513DFE988331D5380E8DE\" target=\"_blank\" rel=\"noopener\">permettrait aussi de contrebalancer le poids des groupes d\u2019int\u00e9r\u00eats priv\u00e9s<\/a>. Enfin, des r\u00e9formes comme le <a href=\"https:\/\/www.tandfonline.com\/doi\/full\/10.1080\/01442872.2019.1694649\" target=\"_blank\" rel=\"noopener\">vote obligatoire<\/a> ou l\u2019encadrement des <a href=\"https:\/\/www.leprixdelademocratie.fr\/\" target=\"_blank\" rel=\"noopener\">dons politiques<\/a> inciterait les \u00e9lus \u00e0 consid\u00e9rer tous les citoyens, et pas seulement les plus privil\u00e9gi\u00e9s.<\/p>\n","protected":false},"excerpt":{"rendered":"L&rsquo;ann\u00e9e 2025 a notamment \u00e9t\u00e9 marqu\u00e9e par le d\u00e9bat sur la taxe Zucman, rejet\u00e9e par les d\u00e9put\u00e9s mais&hellip;\n","protected":false},"author":2,"featured_media":642911,"comment_status":"","ping_status":"","sticky":false,"template":"","format":"standard","meta":{"footnotes":""},"categories":[5],"tags":[11,1011,27,14,12,28],"class_list":{"0":"post-642910","1":"post","2":"type-post","3":"status-publish","4":"format-standard","5":"has-post-thumbnail","7":"category-international","8":"tag-actualites","9":"tag-fr","10":"tag-france","11":"tag-international","12":"tag-news","13":"tag-world"},"share_on_mastodon":{"url":"https:\/\/pubeurope.com\/@fr\/115843580814278260","error":""},"_links":{"self":[{"href":"https:\/\/www.europesays.com\/fr\/wp-json\/wp\/v2\/posts\/642910","targetHints":{"allow":["GET"]}}],"collection":[{"href":"https:\/\/www.europesays.com\/fr\/wp-json\/wp\/v2\/posts"}],"about":[{"href":"https:\/\/www.europesays.com\/fr\/wp-json\/wp\/v2\/types\/post"}],"author":[{"embeddable":true,"href":"https:\/\/www.europesays.com\/fr\/wp-json\/wp\/v2\/users\/2"}],"replies":[{"embeddable":true,"href":"https:\/\/www.europesays.com\/fr\/wp-json\/wp\/v2\/comments?post=642910"}],"version-history":[{"count":0,"href":"https:\/\/www.europesays.com\/fr\/wp-json\/wp\/v2\/posts\/642910\/revisions"}],"wp:featuredmedia":[{"embeddable":true,"href":"https:\/\/www.europesays.com\/fr\/wp-json\/wp\/v2\/media\/642911"}],"wp:attachment":[{"href":"https:\/\/www.europesays.com\/fr\/wp-json\/wp\/v2\/media?parent=642910"}],"wp:term":[{"taxonomy":"category","embeddable":true,"href":"https:\/\/www.europesays.com\/fr\/wp-json\/wp\/v2\/categories?post=642910"},{"taxonomy":"post_tag","embeddable":true,"href":"https:\/\/www.europesays.com\/fr\/wp-json\/wp\/v2\/tags?post=642910"}],"curies":[{"name":"wp","href":"https:\/\/api.w.org\/{rel}","templated":true}]}}