{"id":642916,"date":"2026-01-05T17:07:11","date_gmt":"2026-01-05T17:07:11","guid":{"rendered":"https:\/\/www.europesays.com\/fr\/642916\/"},"modified":"2026-01-05T17:07:11","modified_gmt":"2026-01-05T17:07:11","slug":"la-pizzeria-lagora-fermee-jusqua-nouvel-ordre","status":"publish","type":"post","link":"https:\/\/www.europesays.com\/fr\/642916\/","title":{"rendered":"la pizzeria l\u2019Agora ferm\u00e9e jusqu\u2019\u00e0 nouvel ordre"},"content":{"rendered":"<p>L\u2019Agora, situ\u00e9e 20 Esplanade de France, n\u2019a pas pu ouvrir ses portes ce lundi. \u00ab\u00a0Lorsque je suis arriv\u00e9 peu avant 10 heures, j\u2019ai constat\u00e9 que des trombes d\u2019eau tombaient dans les cuisines du restaurant\u00a0\u00bb, explique de chef de cuisine, qui a imm\u00e9diatement pr\u00e9venu les pompiers.<\/p>\n<p>D\u2019apr\u00e8s les premi\u00e8res constatations, le probl\u00e8me viendrait d\u2019une sous-station qui alimente le chauffage urbain du secteur et qui est g\u00e9r\u00e9 par le groupe Eiffage.<\/p>\n<p>\u00ab\u00a0Nous avons pris quelques jours de cong\u00e9 pendant les f\u00eates et nous avons rouvert vendredi, explique <a href=\"https:\/\/www.leprogres.fr\/economie\/2023\/01\/14\/apres-les-pizzas-la-famille-diana-se-lance-dans-les-glaces\" target=\"_blank\" rel=\"noopener\">Maurizio Diana, le patron de l\u2019Agora<\/a>. Ce jour-l\u00e0 d\u00e9j\u00e0, nous avions constat\u00e9 des fuites mais elles \u00e9taient bien moindres que celles de ce matin (lundi NDLR). Nous avons pu effectuer le service vendredi soir et samedi.\u00a0\u00bb<\/p>\n<p>  \u00ab\u00a0Toute l\u2019\u00e9lectricit\u00e9 a \u00e9t\u00e9 impact\u00e9e\u00a0\u00bb<\/p>\n<p>Lundi, en revanche, les dix-sept salari\u00e9s du restaurant n\u2019ont pas pu travailler. Sur place, en plus des pompiers, des techniciens d\u2019Eiffage \u00e9taient \u00e0 l\u2019\u0153uvre pour d\u00e9finir l\u2019origine exacte du probl\u00e8me et effectuer les r\u00e9parations qui pourraient prendre un certain temps.<\/p>\n<p>\u00ab\u00a0Toute l\u2019\u00e9lectricit\u00e9 a \u00e9t\u00e9 impact\u00e9e tout comme les chambres froides et tout le mat\u00e9riel des cuisines. Nous constatons \u00e9galement de grosses infiltrations sur les murs du restaurant\u00a0\u00bb, se d\u00e9sole Maurizio Diana, qui multipliait ce lundi en fin de matin\u00e9e les appels t\u00e9l\u00e9phoniques aux assurances et aux artisans pour que son \u00e9tablissement rouvre le plus vite possible.<\/p>\n","protected":false},"excerpt":{"rendered":"L\u2019Agora, situ\u00e9e 20 Esplanade de France, n\u2019a pas pu ouvrir ses portes ce lundi. \u00ab\u00a0Lorsque je suis arriv\u00e9&hellip;\n","protected":false},"author":2,"featured_media":642917,"comment_status":"","ping_status":"","sticky":false,"template":"","format":"standard","meta":{"footnotes":""},"categories":[9653],"tags":[1111,11,2430,7539,1777,674,274,1011,27,12,25,4001,7538],"class_list":{"0":"post-642916","1":"post","2":"type-post","3":"status-publish","4":"format-standard","5":"has-post-thumbnail","7":"category-saint-etienne","8":"tag-actu","9":"tag-actualites","10":"tag-auvergne-rhone-alpes","11":"tag-edition-loire-sud","12":"tag-eu","13":"tag-europe","14":"tag-faits-divers-justice","15":"tag-fr","16":"tag-france","17":"tag-news","18":"tag-republique-francaise","19":"tag-saint-etienne","20":"tag-saint-etienne-ville"},"share_on_mastodon":{"url":"https:\/\/pubeurope.com\/@fr\/115843592625867944","error":""},"_links":{"self":[{"href":"https:\/\/www.europesays.com\/fr\/wp-json\/wp\/v2\/posts\/642916","targetHints":{"allow":["GET"]}}],"collection":[{"href":"https:\/\/www.europesays.com\/fr\/wp-json\/wp\/v2\/posts"}],"about":[{"href":"https:\/\/www.europesays.com\/fr\/wp-json\/wp\/v2\/types\/post"}],"author":[{"embeddable":true,"href":"https:\/\/www.europesays.com\/fr\/wp-json\/wp\/v2\/users\/2"}],"replies":[{"embeddable":true,"href":"https:\/\/www.europesays.com\/fr\/wp-json\/wp\/v2\/comments?post=642916"}],"version-history":[{"count":0,"href":"https:\/\/www.europesays.com\/fr\/wp-json\/wp\/v2\/posts\/642916\/revisions"}],"wp:featuredmedia":[{"embeddable":true,"href":"https:\/\/www.europesays.com\/fr\/wp-json\/wp\/v2\/media\/642917"}],"wp:attachment":[{"href":"https:\/\/www.europesays.com\/fr\/wp-json\/wp\/v2\/media?parent=642916"}],"wp:term":[{"taxonomy":"category","embeddable":true,"href":"https:\/\/www.europesays.com\/fr\/wp-json\/wp\/v2\/categories?post=642916"},{"taxonomy":"post_tag","embeddable":true,"href":"https:\/\/www.europesays.com\/fr\/wp-json\/wp\/v2\/tags?post=642916"}],"curies":[{"name":"wp","href":"https:\/\/api.w.org\/{rel}","templated":true}]}}