{"id":642920,"date":"2026-01-05T17:09:30","date_gmt":"2026-01-05T17:09:30","guid":{"rendered":"https:\/\/www.europesays.com\/fr\/642920\/"},"modified":"2026-01-05T17:09:30","modified_gmt":"2026-01-05T17:09:30","slug":"nancy-lart-deco-et-les-grandes-dames-au-musee-des-beaux-arts","status":"publish","type":"post","link":"https:\/\/www.europesays.com\/fr\/642920\/","title":{"rendered":"Nancy. L\u2019Art d\u00e9co et les grandes dames au Mus\u00e9e des Beaux-Arts"},"content":{"rendered":"<p>Pourquoi l\u2019ann\u00e9e 2026 n\u2019en profiterait-elle pas aussi\u00a0? Certes, 2025 a b\u00e9n\u00e9fici\u00e9 du symbole\u00a0: puisqu\u2019en 1925 avait \u00e9t\u00e9 organis\u00e9e \u00e0 Paris la fameuse exposition internationale des arts d\u00e9coratifs, la date s\u2019imposait d\u2019elle-m\u00eame pour c\u00e9l\u00e9brer le centenaire de l\u2019Art d\u00e9co.<\/p>\n<p>Mais on sait bien que les courants artistiques n\u2019ont que faire des carcans trop restrictifs. Et l\u2019Art d\u00e9co s\u2019est exprim\u00e9 largement dans les ann\u00e9es qui ont suivi et m\u00eame les ann\u00e9es 30. Il s\u2019exprimera donc encore en 2026 au Mus\u00e9e des Beaux-Arts qui lui consacre depuis deux mois une tr\u00e8s riche expo.<\/p>\n<p>Jusqu\u2019au 1er\u00a0mars, est pass\u00e9 en revue au MbaN un courant qui (comme son pr\u00e9d\u00e9cesseur l\u2019Art nouveau) avait la caract\u00e9ristique de s\u2019exprimer non seulement via l\u2019art, destin\u00e9 au seul regard, mais aussi via l\u2019objet, qui habitait et habillait le quotidien. Que ce soit sous forme de vases ou de chaises, d\u2019armoire, de lit, de peigne ou de jouets, de vitraux, bijoux, napperons, mouchoirs,\u00a0etc. Et m\u00eame d\u2019encensoirs, calices ou tabernacles, l\u2019art sacr\u00e9 n\u2019\u00e9chappant pas \u00e0 ce courant d\u2019une r\u00e9solue modernit\u00e9.<\/p>\n<p>Un foisonnement \u00e0 appr\u00e9hender en 350 objets sur 500 m2 d\u2019exposition construite gr\u00e2ce \u00e0 la collaboration des \u00e9quipes du MbaN, du Mus\u00e9e Lorrain et du mus\u00e9e de l\u2019\u00c9cole de Nancy\u00a0et la contribution de nombreux collectionneurs priv\u00e9s.<\/p>\n<p>Et pour en \u00e9largir la d\u00e9couverte a \u00e9t\u00e9 con\u00e7u un riche programme d\u2019animation. Avec plusieurs rendez-vous d\u00e8s ce d\u00e9but d\u2019ann\u00e9e.<\/p>\n<p>  Loulou joyau du cin\u00e9ma<\/p>\n<p>En toute subjectivit\u00e9, citons d\u2019abord la projection de\u00a0 Loulou , chef-d\u2019\u0153uvre de George Whilhelm Pabst (1929), o\u00f9 Louise Brooks, arborant sa c\u00e9l\u00e8bre coupe gar\u00e7onne, s\u2019imposa \u00e0 jamais comme l\u2019incarnation d\u2019une femme libre, tourment\u00e9e autant que fatale, incandescente, perdue entre Berlin et Londres, futures capitales ennemies\u2026 Un joyau de l\u2019histoire du cin\u00e9ma. La projection aura lieu au Cam\u00e9o Commanderie le jeudi 22\u00a0janvier, \u00e0 20\u00a0h\u00a015, en pr\u00e9sence de Stefan Droessler, directeur des archives du Filmmuseum de Munich.<\/p>\n<p>Au Cam\u00e9o toujours, est programm\u00e9 \u00e9galement L\u2019inhumaine , de Marcel l\u2019Herbier (1924), le jeudi 12\u00a0f\u00e9vrier, en pr\u00e9sence de Marie Frappat, ma\u00eetresse de conf\u00e9rences en \u00e9tudes cin\u00e9matographiques \u00e0 l\u2019Universit\u00e9 Paris Cit\u00e9 (20\u00a0h\u00a015)<\/p>\n<p>Cin\u00e9 encore, mais Cin\u00e9-concert, le 15\u00a0janvier (19\u00a0h\u00a030), salle Sadoul, avec Fragments d\u2019entre-deux-guerres. S\u2019il est une soir\u00e9e \u00e0 ne pas manquer, ce sera le 6\u00a0f\u00e9vrier (19\u00a0h-23\u00a0h) au Mus\u00e9e des Beaux-Arts, qui nous invite \u00e0 \u00ab\u00a0revivre les Ann\u00e9es Folles \u00e0 Nancy\u00a0\u00bb, en associant danse, musique, costumes et autres id\u00e9es cr\u00e9atives.<\/p>\n<p>Et pour conclure en beaut\u00e9 cette c\u00e9l\u00e9bration Art d\u00e9co, est propos\u00e9e une \u00ab\u00a0Conversation avec Jos\u00e9phine\u00a0\u00bb, le dimanche 1er\u00a0mars \u00e0 15\u00a0h au MbaN, par la com\u00e9dienne metteure en sc\u00e8ne Maroussia Pourpoint. Jos\u00e9phine\u2026 Baker, on l\u2019aura compris. L\u00e0 encore une \u00e9blouissante figure embl\u00e9matique de l\u2019entre-deux-guerres.<\/p>\n<p>  Visites flash<\/p>\n<p>Enfin, signalons que ces deux prochains mois, des visites guid\u00e9es de l\u2019exposition, en mode flash ou non, permettent d\u2019en appr\u00e9hender toute la richesse, \u00e0 destination d\u2019enfants ou d\u2019adultes. De m\u00eame qu\u2019un cycle de cours d\u2019histoire de l\u2019art en \u00e9cho \u00e0 l\u2019expo est ouvert par l\u2019association H\u00e9r\u00e9 (prochain rendez-vous les 7\u00a0janvier, 21\u00a0janvier et 24\u00a0f\u00e9vrier, au MbaN, \u00e0 20\u00a0h\u00a015). Autant d\u2019occasions de v\u00e9rifier que l\u2019Art d\u00e9co n\u2019avait pas pour seule vertu de \u00ab\u00a0faire d\u00e9coratif\u00a0\u00bb.<\/p>\n<p class=\"note\">\u00ab\u00a0Nancy 2025, une exp\u00e9rience de la vie moderne\u00a0\u00bb, mus\u00e9e de Beaux Arts, jusqu\u2019au 1er \u00a0mars.<\/p>\n","protected":false},"excerpt":{"rendered":"Pourquoi l\u2019ann\u00e9e 2026 n\u2019en profiterait-elle pas aussi\u00a0? Certes, 2025 a b\u00e9n\u00e9fici\u00e9 du symbole\u00a0: puisqu\u2019en 1925 avait \u00e9t\u00e9 organis\u00e9e&hellip;\n","protected":false},"author":2,"featured_media":642921,"comment_status":"","ping_status":"","sticky":false,"template":"","format":"standard","meta":{"footnotes":""},"categories":[9635],"tags":[1111,11,650,1687,1704,1777,674,2271,1011,27,775,1702,1703,12,25],"class_list":{"0":"post-642920","1":"post","2":"type-post","3":"status-publish","4":"format-standard","5":"has-post-thumbnail","7":"category-nancy","8":"tag-actu","9":"tag-actualites","10":"tag-cinema","11":"tag-culture-loisirs","12":"tag-edition-nancy-et-agglomeration","13":"tag-eu","14":"tag-europe","15":"tag-exposition-arts-plastiques","16":"tag-fr","17":"tag-france","18":"tag-grand-est","19":"tag-nancy","20":"tag-nancy-ville-54b","21":"tag-news","22":"tag-republique-francaise"},"share_on_mastodon":{"url":"https:\/\/pubeurope.com\/@fr\/115843600441302452","error":""},"_links":{"self":[{"href":"https:\/\/www.europesays.com\/fr\/wp-json\/wp\/v2\/posts\/642920","targetHints":{"allow":["GET"]}}],"collection":[{"href":"https:\/\/www.europesays.com\/fr\/wp-json\/wp\/v2\/posts"}],"about":[{"href":"https:\/\/www.europesays.com\/fr\/wp-json\/wp\/v2\/types\/post"}],"author":[{"embeddable":true,"href":"https:\/\/www.europesays.com\/fr\/wp-json\/wp\/v2\/users\/2"}],"replies":[{"embeddable":true,"href":"https:\/\/www.europesays.com\/fr\/wp-json\/wp\/v2\/comments?post=642920"}],"version-history":[{"count":0,"href":"https:\/\/www.europesays.com\/fr\/wp-json\/wp\/v2\/posts\/642920\/revisions"}],"wp:featuredmedia":[{"embeddable":true,"href":"https:\/\/www.europesays.com\/fr\/wp-json\/wp\/v2\/media\/642921"}],"wp:attachment":[{"href":"https:\/\/www.europesays.com\/fr\/wp-json\/wp\/v2\/media?parent=642920"}],"wp:term":[{"taxonomy":"category","embeddable":true,"href":"https:\/\/www.europesays.com\/fr\/wp-json\/wp\/v2\/categories?post=642920"},{"taxonomy":"post_tag","embeddable":true,"href":"https:\/\/www.europesays.com\/fr\/wp-json\/wp\/v2\/tags?post=642920"}],"curies":[{"name":"wp","href":"https:\/\/api.w.org\/{rel}","templated":true}]}}