{"id":642922,"date":"2026-01-05T17:10:14","date_gmt":"2026-01-05T17:10:14","guid":{"rendered":"https:\/\/www.europesays.com\/fr\/642922\/"},"modified":"2026-01-05T17:10:14","modified_gmt":"2026-01-05T17:10:14","slug":"villers-les-nancy-le-cluster-enact-trace-lavenir-de-lia-en-grand-est","status":"publish","type":"post","link":"https:\/\/www.europesays.com\/fr\/642922\/","title":{"rendered":"Villers-l\u00e8s-Nancy : le cluster ENACT trace l\u2019avenir de l\u2019IA en Grand Est"},"content":{"rendered":"<p>Entre bilan d&rsquo;une ann\u00e9e 2025 fondatrice et ambitions pour 2026, l\u2019\u00e9v\u00e9nement a r\u00e9uni 150 experts d\u00e9termin\u00e9s \u00e0 faire de la r\u00e9gion un p\u00f4le d\u2019excellence mondial en intelligence artificielle.<\/p>\n<p>Pr\u00e8s\u00a0de 150 acteurs cl\u00e9s de l\u2019\u00e9cosyst\u00e8me, \u00a0chercheurs, financeurs et d\u00e9cideurs institutionnels, se\u00a0sont rassembl\u00e9s au Centre Inria de l\u2019Universit\u00e9 de Lorraine pour la premi\u00e8re journ\u00e9e annuelle du cluster IA Grand Est, ENACT. Cette rencontre a permis de consolider les fondations d&rsquo;un projet ambitieux : b\u00e2tir un cadre r\u00e9gional de r\u00e9f\u00e9rence pour r\u00e9pondre aux d\u00e9fis \u00e9conomiques et soci\u00e9taux de demain. L&rsquo;objectif est de renforcer les synergies entre la recherche, la formation et le tissu industriel pour propulser l&rsquo;innovation locale \u00e0 l&rsquo;\u00e9chelle internationale.<\/p>\n<p><strong>Recherche : une dynamique de croissance acc\u00e9l\u00e9r\u00e9e<\/strong><\/p>\n<p>La matin\u00e9e, plac\u00e9e sous le signe de l&rsquo;excellence acad\u00e9mique, a mis en lumi\u00e8re les premiers succ\u00e8s concrets. Jean-Baptiste Mouret, coordinateur scientifique par int\u00e9rim, a d\u00e9voil\u00e9 un bilan robuste pour 2025 : neuf chaires de recherche ont d\u00e9j\u00e0 \u00e9t\u00e9 lanc\u00e9es et 17 th\u00e8ses sont actuellement financ\u00e9es. L\u2019horizon 2026 s&rsquo;annonce tout aussi prometteur avec l\u2019ouverture d\u2019un second appel \u00e0 projets visant \u00e0 attribuer neuf chaires internationales suppl\u00e9mentaires. Le rayonnement d&rsquo;ENACT d\u00e9passe d\u00e9sormais les fronti\u00e8res r\u00e9gionales gr\u00e2ce \u00e0 son int\u00e9gration au r\u00e9seau AI Factory France et l\u2019obtention de soutiens financiers europ\u00e9ens (FEDER).<\/p>\n<p><strong>2026 : cap sur l&rsquo;int\u00e9gration industrielle et la formation<\/strong><\/p>\n<p>L\u2019apr\u00e8s-midi s\u2019est concentr\u00e9e sur l\u2019op\u00e9rationnalit\u00e9 et la fluidification du parcours \u00abrecherche-industrie\u00bb. Pour 2026, la priorit\u00e9 est donn\u00e9e au renforcement des liens avec les entreprises et \u00e0 l&rsquo;\u00e9volution des programmes de formation sp\u00e9cialis\u00e9s. En pla\u00e7ant l&rsquo;\u00e9thique au c\u0153ur de ses r\u00e9flexions, le cluster ENACT confirme sa volont\u00e9 de ne pas seulement produire de la technologie, mais de construire une intelligence artificielle responsable et cr\u00e9atrice de valeur pour le territoire.<\/p>\n<p>Parmi les perspectives 2026, figurent le\u00a0\u00a0lancement d\u2019un appel \u00e0 candidatures pour des th\u00e8ses de doctorat, le d\u00e9veloppement d\u2019une offre de formation interuniversitaire avec des parcours sp\u00e9cialis\u00e9s et interdisciplinaires et la constitution d\u2019un pool de 12 ing\u00e9nieurs pour soutenir les projets. Le cluster envisage \u00e9galement d\u2019accro\u00eetre l\u2019acc\u00e8s aux moyens de calcul via le r\u00e9seau AI Factory France, de renforcer les partenariats industriels par un guichet d\u00e9di\u00e9 \u00e0 l\u2019accompagnement R&amp;D en IA et d\u2019organiser des colloques, ateliers et \u00e9coles d\u2019\u00e9t\u00e9 pour diffuser les avanc\u00e9es et favoriser la m\u00e9diation scientifique.\u00a0<\/p>\n","protected":false},"excerpt":{"rendered":"Entre bilan d&rsquo;une ann\u00e9e 2025 fondatrice et ambitions pour 2026, l\u2019\u00e9v\u00e9nement a r\u00e9uni 150 experts d\u00e9termin\u00e9s \u00e0 faire&hellip;\n","protected":false},"author":2,"featured_media":642923,"comment_status":"","ping_status":"","sticky":false,"template":"","format":"standard","meta":{"footnotes":""},"categories":[9635],"tags":[1111,11,1777,674,1011,27,775,1702,12,25],"class_list":{"0":"post-642922","1":"post","2":"type-post","3":"status-publish","4":"format-standard","5":"has-post-thumbnail","7":"category-nancy","8":"tag-actu","9":"tag-actualites","10":"tag-eu","11":"tag-europe","12":"tag-fr","13":"tag-france","14":"tag-grand-est","15":"tag-nancy","16":"tag-news","17":"tag-republique-francaise"},"share_on_mastodon":{"url":"https:\/\/pubeurope.com\/@fr\/115843604313616833","error":""},"_links":{"self":[{"href":"https:\/\/www.europesays.com\/fr\/wp-json\/wp\/v2\/posts\/642922","targetHints":{"allow":["GET"]}}],"collection":[{"href":"https:\/\/www.europesays.com\/fr\/wp-json\/wp\/v2\/posts"}],"about":[{"href":"https:\/\/www.europesays.com\/fr\/wp-json\/wp\/v2\/types\/post"}],"author":[{"embeddable":true,"href":"https:\/\/www.europesays.com\/fr\/wp-json\/wp\/v2\/users\/2"}],"replies":[{"embeddable":true,"href":"https:\/\/www.europesays.com\/fr\/wp-json\/wp\/v2\/comments?post=642922"}],"version-history":[{"count":0,"href":"https:\/\/www.europesays.com\/fr\/wp-json\/wp\/v2\/posts\/642922\/revisions"}],"wp:featuredmedia":[{"embeddable":true,"href":"https:\/\/www.europesays.com\/fr\/wp-json\/wp\/v2\/media\/642923"}],"wp:attachment":[{"href":"https:\/\/www.europesays.com\/fr\/wp-json\/wp\/v2\/media?parent=642922"}],"wp:term":[{"taxonomy":"category","embeddable":true,"href":"https:\/\/www.europesays.com\/fr\/wp-json\/wp\/v2\/categories?post=642922"},{"taxonomy":"post_tag","embeddable":true,"href":"https:\/\/www.europesays.com\/fr\/wp-json\/wp\/v2\/tags?post=642922"}],"curies":[{"name":"wp","href":"https:\/\/api.w.org\/{rel}","templated":true}]}}