{"id":642924,"date":"2026-01-05T17:12:10","date_gmt":"2026-01-05T17:12:10","guid":{"rendered":"https:\/\/www.europesays.com\/fr\/642924\/"},"modified":"2026-01-05T17:12:10","modified_gmt":"2026-01-05T17:12:10","slug":"david-gomis-et-maxime-allionne-le-retour-au-sporting","status":"publish","type":"post","link":"https:\/\/www.europesays.com\/fr\/642924\/","title":{"rendered":"David Gomis et Maxime Allionne : le retour au Sporting"},"content":{"rendered":"<p>David Gomis et Maxime Allione reviennent au Sporting apr\u00e8s avoir connu de belles exp\u00e9riences en France et \u00e0 l\u2019\u00e9tranger. D\u00e9couvrez les diff\u00e9rentes \u00e9tapes de leur carri\u00e8re et les raisons de leur retour.<\/p>\n<p>David, parle-nous de ton parcours sportif\u00a0?<\/p>\n<p>Tout d\u2019abord, il est important de rappeler que le Sporting est mon Club\u00a0! Et ce maillot est celui que j\u2019ai le plus port\u00e9 dans ma vie de Footballeur !\u00a0Je suis n\u00e9 \u00e0 Toulon, j\u2019ai \u00e9t\u00e9 form\u00e9 \u00e0 Toulon, j\u2019y ai commenc\u00e9 \u00e0 13 ans jusqu\u2019\u00e0 mes 18 ans, \u00e2ge auquel je fais mes premiers pas en CFA \u00e0 l\u2019\u00e9poque\u00a0!<\/p>\n<p>Je suis ensuite parti 3 saisons (\u00e0 Fr\u00e9jus et au Las) puis je reviens \u00e0 21 ans sous les ordres de Momo SADANI avec lequel je fais une mont\u00e9e\u2026 et l\u2019ann\u00e9e de la fusion avec Veilex.\u00a0<\/p>\n<p>Je signe ensuite pro au Gazelec (2 saisons), puis Clermont Foot (2 saisons), puis Pau FC (1 an \u00bd) avant de partir en AZERBA\u00cfDJAN, au FK Sabail ou je passe 2 saisons \u00bd. Je rentre enfin en France, \u00e0 Ch\u00e2teauroux pendant 6 mois, et me voil\u00e0 !\u00a0<\/p>\n<p>De toute cette p\u00e9riode je garde d\u2019excellents souvenirs, avec tout d\u2019abord l\u2019accession en Premi\u00e8re Division avec Clermont, puis la s\u00e9lection avec la GUINEE BISSAO (6 s\u00e9lections \u2013 2matchs). Mais aussi au niveau humain, pour la famille, l\u2019environnement, l\u2019AZERBA\u00cfDJAN reste une exp\u00e9rience exceptionnelle\u00a0! Le niveau y \u00e9tait tr\u00e8s bon avec des \u00e9quipes comme Qaraba\u011f qui joue la ligue des champions,\u00a0\u00a0SABAH l\u2019Europa League, ZIRA qui joue la conf\u00e9rence League\u2026<\/p>\n<p>Et toi, Maxime ?<\/p>\n<p>Je suis originaire de Toulon, lat\u00e9ral gauche form\u00e9 au Sporting d\u00e8s le plus jeune \u00e2ge ! Je suis ensuite parti \u00e0 l\u2019Olympique de Marseille \u00e0 l\u2019\u00e2ge de 13 ans jusqu\u2019\u00e0 mes 18 ans pour int\u00e9grer le centre de formation.<\/p>\n<p dir=\"ltr\">J\u2019ai ensuite rejoint le club de l\u2019AC Ajaccio o\u00f9 j\u2019ai altern\u00e9 entre les U19 nationaux et la r\u00e9serve en National 3 avant d\u2019encha\u00eener avec une\u00a0saison au Hy\u00e8res FC en National 2 avant que la saison ne soit coup\u00e9e \u00e0 cause du covid.<\/p>\n<p dir=\"ltr\">J\u2019ai ensuite eu l\u2019opportunit\u00e9 de partir 2 ans en universit\u00e9 aux Etats Unis, en Floride o\u00f9 j\u2019ai m\u00e9lang\u00e9 les \u00e9tudes et le foot !<\/p>\n<p dir=\"ltr\">A la suite de ces 2 ans, je suis revenu France au HFC une demie-saison avant de revenir au Sporting o\u00f9 j\u2019ai fait une saison pleine avec Teddy Bertin. Une nouvelle opportunit\u00e9 s\u2019est pr\u00e9sent\u00e9e, \u00e0 l\u2019\u00e2ge de 24 ans, ou l\u2019on m\u2019a propos\u00e9 un contrat pro en D2 Belge, la saison derni\u00e8re \u00e0 Seraing.<\/p>\n<p>Votre retour \u00e0 Toulon ?<\/p>\n<p><strong>David<\/strong><br \/>Aujourd\u2019hui je suis content de revenir jouer \u00e0 Toulon, apr\u00e8s 10 ans\u00a0! Momo reste un des coachs avec qui je suis le plus en contact. Il m\u2019a appel\u00e9 et m\u2019a dit : \u00ab\u00a0retour \u00e0 la maison ?\u00a0\u00bb. Je lui ai r\u00e9pondu : \u00ab\u00a0si c\u2019est toi, je rentre\u00a0!\u00a0\u00bb<\/p>\n<p>Et me voila\u00a0! L\u2019adaptation devrait \u00eatre rapide\u2026<br \/>A nous maintenant de faire aussi bien qu\u2019il y a 10 ans\u00a0!!<\/p>\n<p><strong>Maxime<br \/><\/strong>J\u2019ai pu r\u00e9aliser une saison pleine en pro, en Belgique, en deuxi\u00e8me division, et cela reste une exp\u00e9rience exceptionnelle.\u00a0Je devais prolonger, sauf qu\u2019au dernier moment cela ne s\u2019est pas fait, les al\u00e9as du foot\u2026<br \/>Je me suis donc retrouv\u00e9 sans club, et je remercie le coach et le pr\u00e9sident du Sporting qui ont accept\u00e9 que je vienne m\u2019entra\u00eener ici le temps de trouver un nouveau projet. Depuis, j\u2019ai eu\u00a0quelques propositions, mais apr\u00e8s m\u00fbre r\u00e9flexion, j\u2019avais l\u2019envie et l\u2019opportunit\u00e9 de revenir l\u00e0 ou tout \u00e0 commenc\u00e9 !<br \/>Au final, je suis tr\u00e8s content et motiv\u00e9, par l\u2019envie de reporter le maillot du Sporting !<br \/>S\u2019entrainer sans jouer le weekend, ce n\u2019est pas facile.\u00a0Aujourd\u2019hui, j\u2019ai envie de rendre aux gens qui ont toujours \u00e9t\u00e9 la pour moi et qui m\u2019ont fait confiance, et j\u2019ai h\u00e2te de faire mon retour \u00e0 Bon Rencontre.<\/p>\n","protected":false},"excerpt":{"rendered":"David Gomis et Maxime Allione reviennent au Sporting apr\u00e8s avoir connu de belles exp\u00e9riences en France et \u00e0&hellip;\n","protected":false},"author":2,"featured_media":642925,"comment_status":"","ping_status":"","sticky":false,"template":"","format":"standard","meta":{"footnotes":""},"categories":[9619],"tags":[1111,11,1777,674,1011,27,12,882,25,2310],"class_list":{"0":"post-642924","1":"post","2":"type-post","3":"status-publish","4":"format-standard","5":"has-post-thumbnail","7":"category-toulon","8":"tag-actu","9":"tag-actualites","10":"tag-eu","11":"tag-europe","12":"tag-fr","13":"tag-france","14":"tag-news","15":"tag-provence-alpes-cote-dazur","16":"tag-republique-francaise","17":"tag-toulon"},"share_on_mastodon":{"url":"https:\/\/pubeurope.com\/@fr\/115843612328774089","error":""},"_links":{"self":[{"href":"https:\/\/www.europesays.com\/fr\/wp-json\/wp\/v2\/posts\/642924","targetHints":{"allow":["GET"]}}],"collection":[{"href":"https:\/\/www.europesays.com\/fr\/wp-json\/wp\/v2\/posts"}],"about":[{"href":"https:\/\/www.europesays.com\/fr\/wp-json\/wp\/v2\/types\/post"}],"author":[{"embeddable":true,"href":"https:\/\/www.europesays.com\/fr\/wp-json\/wp\/v2\/users\/2"}],"replies":[{"embeddable":true,"href":"https:\/\/www.europesays.com\/fr\/wp-json\/wp\/v2\/comments?post=642924"}],"version-history":[{"count":0,"href":"https:\/\/www.europesays.com\/fr\/wp-json\/wp\/v2\/posts\/642924\/revisions"}],"wp:featuredmedia":[{"embeddable":true,"href":"https:\/\/www.europesays.com\/fr\/wp-json\/wp\/v2\/media\/642925"}],"wp:attachment":[{"href":"https:\/\/www.europesays.com\/fr\/wp-json\/wp\/v2\/media?parent=642924"}],"wp:term":[{"taxonomy":"category","embeddable":true,"href":"https:\/\/www.europesays.com\/fr\/wp-json\/wp\/v2\/categories?post=642924"},{"taxonomy":"post_tag","embeddable":true,"href":"https:\/\/www.europesays.com\/fr\/wp-json\/wp\/v2\/tags?post=642924"}],"curies":[{"name":"wp","href":"https:\/\/api.w.org\/{rel}","templated":true}]}}