{"id":642936,"date":"2026-01-05T17:20:10","date_gmt":"2026-01-05T17:20:10","guid":{"rendered":"https:\/\/www.europesays.com\/fr\/642936\/"},"modified":"2026-01-05T17:20:10","modified_gmt":"2026-01-05T17:20:10","slug":"direct-un-jeune-homme-decede-sur-les-routes-durant-lepisode-neigeux-en-ille-et-vilaine-la-circulation-toujours-chaotique-sur-la-rocade-de-rennes","status":"publish","type":"post","link":"https:\/\/www.europesays.com\/fr\/642936\/","title":{"rendered":"DIRECT &#8211; Un jeune homme d\u00e9c\u00e8de sur les routes durant l&rsquo;\u00e9pisode neigeux en Ille-et-Vilaine : la circulation toujours chaotique sur la rocade de Rennes"},"content":{"rendered":"<p>Plusieurs bless\u00e9s sur les routes en raison de la neige<\/p>\n<p>\u00ab\u00a0\u00c0 la suite des chutes de neige survenues cet apr\u00e8s-midi dans le d\u00e9partement, les services de secours et de s\u00e9curit\u00e9 ont recens\u00e9 : 11 chutes de pi\u00e9tons, principalement li\u00e9es aux surfaces glissantes ; 21 accidents de la route, dont un accident mortel ; 6 personne impliqu\u00e9es, 17 personnes en urgence relative\u00a0\u00bb, communique la Pr\u00e9fecture \u00e0 18h.<\/p>\n","protected":false},"excerpt":{"rendered":"Plusieurs bless\u00e9s sur les routes en raison de la neige \u00ab\u00a0\u00c0 la suite des chutes de neige survenues&hellip;\n","protected":false},"author":2,"featured_media":642937,"comment_status":"","ping_status":"","sticky":false,"template":"","format":"standard","meta":{"footnotes":""},"categories":[2821],"tags":[1111,11,829,765,1777,674,1011,27,848,74927,12,50972,584,25],"class_list":{"0":"post-642936","1":"post","2":"type-post","3":"status-publish","4":"format-standard","5":"has-post-thumbnail","7":"category-rennes","8":"tag-actu","9":"tag-actualites","10":"tag-bretagne","11":"tag-en-continu","12":"tag-eu","13":"tag-europe","14":"tag-fr","15":"tag-france","16":"tag-ille-et-vilaine","17":"tag-neige-en-bretagne","18":"tag-news","19":"tag-newsletter-la-rennes-quotidienne","20":"tag-rennes","21":"tag-republique-francaise"},"share_on_mastodon":{"url":"https:\/\/pubeurope.com\/@fr\/115843643855364169","error":""},"_links":{"self":[{"href":"https:\/\/www.europesays.com\/fr\/wp-json\/wp\/v2\/posts\/642936","targetHints":{"allow":["GET"]}}],"collection":[{"href":"https:\/\/www.europesays.com\/fr\/wp-json\/wp\/v2\/posts"}],"about":[{"href":"https:\/\/www.europesays.com\/fr\/wp-json\/wp\/v2\/types\/post"}],"author":[{"embeddable":true,"href":"https:\/\/www.europesays.com\/fr\/wp-json\/wp\/v2\/users\/2"}],"replies":[{"embeddable":true,"href":"https:\/\/www.europesays.com\/fr\/wp-json\/wp\/v2\/comments?post=642936"}],"version-history":[{"count":0,"href":"https:\/\/www.europesays.com\/fr\/wp-json\/wp\/v2\/posts\/642936\/revisions"}],"wp:featuredmedia":[{"embeddable":true,"href":"https:\/\/www.europesays.com\/fr\/wp-json\/wp\/v2\/media\/642937"}],"wp:attachment":[{"href":"https:\/\/www.europesays.com\/fr\/wp-json\/wp\/v2\/media?parent=642936"}],"wp:term":[{"taxonomy":"category","embeddable":true,"href":"https:\/\/www.europesays.com\/fr\/wp-json\/wp\/v2\/categories?post=642936"},{"taxonomy":"post_tag","embeddable":true,"href":"https:\/\/www.europesays.com\/fr\/wp-json\/wp\/v2\/tags?post=642936"}],"curies":[{"name":"wp","href":"https:\/\/api.w.org\/{rel}","templated":true}]}}